{"id":9582,"date":"2025-10-17T20:29:13","date_gmt":"2025-10-17T20:29:13","guid":{"rendered":"https:\/\/iarthis.iarthislab.eu\/?p=9582"},"modified":"2026-02-13T06:42:10","modified_gmt":"2026-02-13T06:42:10","slug":"contratiemphas","status":"publish","type":"post","link":"https:\/\/humartech.uma.es\/iarthislab\/contratiemphas\/","title":{"rendered":"Simposio Internacional Contratiemp(h)as en el Tecnoceno"},"content":{"rendered":"<div  class='hr av-43orys-3d08e4d4bf487e91048ba6b3466b5fc2 hr-default  avia-builder-el-0  el_before_av_heading  avia-builder-el-first '><span class='hr-inner '><span class=\"hr-inner-style\"><\/span><\/span><\/div>\n\n<style type=\"text\/css\" data-created_by=\"avia_inline_auto\" id=\"style-css-av-mhgk2lsk-3e76222135b3f70ab04af883a49758c4\">\n#top .av-special-heading.av-mhgk2lsk-3e76222135b3f70ab04af883a49758c4{\npadding-bottom:10px;\n}\nbody .av-special-heading.av-mhgk2lsk-3e76222135b3f70ab04af883a49758c4 .av-special-heading-tag .heading-char{\nfont-size:25px;\n}\n.av-special-heading.av-mhgk2lsk-3e76222135b3f70ab04af883a49758c4 .av-subheading{\nfont-size:15px;\n}\n<\/style>\n<div  class='av-special-heading av-mhgk2lsk-3e76222135b3f70ab04af883a49758c4 av-special-heading-h1 blockquote modern-quote modern-centered  avia-builder-el-1  el_after_av_hr  el_before_av_hr '><h1 class='av-special-heading-tag '  itemprop=\"headline\"  >Simposio Internacional Contratiemp(h)as en el Tecnoceno<\/h1><div class=\"special-heading-border\"><div class=\"special-heading-inner-border\"><\/div><\/div><\/div>\n<div  class='hr av-1tp6a6-5b3a23f6ccc3d57489247ae07d93ee35 hr-default  avia-builder-el-2  el_after_av_heading  el_before_av_one_half '><span class='hr-inner '><span class=\"hr-inner-style\"><\/span><\/span><\/div>\n<div  class='flex_column av-5aeexq-bc71d3f4bb39e86e672fecf3a25a1a52 av_one_half  avia-builder-el-3  el_after_av_hr  el_before_av_one_half  first flex_column_div  '     ><style type=\"text\/css\" data-created_by=\"avia_inline_auto\" id=\"style-css-av-mhgk471w-602323308ca5301df9c0ec747588d86b\">\n.avia-image-container.av-mhgk471w-602323308ca5301df9c0ec747588d86b img.avia_image{\nbox-shadow:none;\n}\n.avia-image-container.av-mhgk471w-602323308ca5301df9c0ec747588d86b .av-image-caption-overlay-center{\ncolor:#ffffff;\n}\n<\/style>\n<div  class='avia-image-container av-mhgk471w-602323308ca5301df9c0ec747588d86b av-styling- avia-align-center  avia-builder-el-4  avia-builder-el-no-sibling '   itemprop=\"image\" itemscope=\"itemscope\" itemtype=\"https:\/\/schema.org\/ImageObject\" ><div class=\"avia-image-container-inner\"><div class=\"avia-image-overlay-wrap\"><img decoding=\"async\" fetchpriority=\"high\" class='wp-image-9614 avia-img-lazy-loading-not-9614 avia_image ' src=\"https:\/\/humartech.uma.es\/iarthislab\/wp-content\/uploads\/2025\/10\/Contratiempos-tecnoceno.jpg\" alt='' title='Contratiempos tecnoceno'  height=\"707\" width=\"1000\"  itemprop=\"thumbnailUrl\" srcset=\"https:\/\/humartech.uma.es\/iarthislab\/wp-content\/uploads\/2025\/10\/Contratiempos-tecnoceno.jpg 1000w, https:\/\/humartech.uma.es\/iarthislab\/wp-content\/uploads\/2025\/10\/Contratiempos-tecnoceno-300x212.jpg 300w, https:\/\/humartech.uma.es\/iarthislab\/wp-content\/uploads\/2025\/10\/Contratiempos-tecnoceno-768x543.jpg 768w, https:\/\/humartech.uma.es\/iarthislab\/wp-content\/uploads\/2025\/10\/Contratiempos-tecnoceno-260x185.jpg 260w, https:\/\/humartech.uma.es\/iarthislab\/wp-content\/uploads\/2025\/10\/Contratiempos-tecnoceno-705x498.jpg 705w\" sizes=\"(max-width: 1000px) 100vw, 1000px\" \/><\/div><\/div><\/div><\/div>\n<div  class='flex_column av-3hpvry-b86f1a69e01e119c0926b4eddd5eac05 av_one_half  avia-builder-el-5  el_after_av_one_half  el_before_av_hr  flex_column_div  '     ><style type=\"text\/css\" data-created_by=\"avia_inline_auto\" id=\"style-css-av-mhgk500c-52aaf154c9ba2eca4020ec1ebbf5b647\">\n.avia-image-container.av-mhgk500c-52aaf154c9ba2eca4020ec1ebbf5b647 img.avia_image{\nbox-shadow:none;\n}\n.avia-image-container.av-mhgk500c-52aaf154c9ba2eca4020ec1ebbf5b647 .av-image-caption-overlay-center{\ncolor:#ffffff;\n}\n<\/style>\n<div  class='avia-image-container av-mhgk500c-52aaf154c9ba2eca4020ec1ebbf5b647 av-styling- avia-align-center  avia-builder-el-6  avia-builder-el-no-sibling '   itemprop=\"image\" itemscope=\"itemscope\" itemtype=\"https:\/\/schema.org\/ImageObject\" ><div class=\"avia-image-container-inner\"><div class=\"avia-image-overlay-wrap\"><img decoding=\"async\" fetchpriority=\"high\" class='wp-image-9617 avia-img-lazy-loading-not-9617 avia_image ' src=\"https:\/\/humartech.uma.es\/iarthislab\/wp-content\/uploads\/2025\/10\/Contratiempos-tecnoceno-b.jpg\" alt='' title='Contratiempos tecnoceno-b'  height=\"707\" width=\"1000\"  itemprop=\"thumbnailUrl\" srcset=\"https:\/\/humartech.uma.es\/iarthislab\/wp-content\/uploads\/2025\/10\/Contratiempos-tecnoceno-b.jpg 1000w, https:\/\/humartech.uma.es\/iarthislab\/wp-content\/uploads\/2025\/10\/Contratiempos-tecnoceno-b-300x212.jpg 300w, https:\/\/humartech.uma.es\/iarthislab\/wp-content\/uploads\/2025\/10\/Contratiempos-tecnoceno-b-768x543.jpg 768w, https:\/\/humartech.uma.es\/iarthislab\/wp-content\/uploads\/2025\/10\/Contratiempos-tecnoceno-b-260x185.jpg 260w, https:\/\/humartech.uma.es\/iarthislab\/wp-content\/uploads\/2025\/10\/Contratiempos-tecnoceno-b-705x498.jpg 705w\" sizes=\"(max-width: 1000px) 100vw, 1000px\" \/><\/div><\/div><\/div><\/div><div  class='hr av-223672-0d7c89c33b591d26571715a8043e0f2b hr-default  avia-builder-el-7  el_after_av_one_half  el_before_av_textblock '><span class='hr-inner '><span class=\"hr-inner-style\"><\/span><\/span><\/div><\/p>\n<section  class='av_textblock_section av-lmkru0q4-23feae1bc9e0cc6f3a7afcd516e0b384 '   itemscope=\"itemscope\" itemtype=\"https:\/\/schema.org\/BlogPosting\" itemprop=\"blogPost\" ><div class='avia_textblock'  itemprop=\"text\" ><p data-start=\"250\" data-end=\"817\">Los d\u00edas <strong data-start=\"259\" data-end=\"287\">16\u201317 de octubre de 2025<\/strong> participamos en el <strong data-start=\"307\" data-end=\"404\">Simposio Internacional <em data-start=\"332\" data-end=\"402\">Contratiemp(h)as en el Tecnoceno: Visualidades y T\u00e1cticas Disidentes<\/em><\/strong>, celebrado en la <strong data-start=\"422\" data-end=\"489\">Facultat de Geografia i Hist\u00f2ria de la Universitat de Barcelona<\/strong> y organizado por el grupo TIEMP(H)A. El programa articul\u00f3 tres mesas \u2014<em data-start=\"560\" data-end=\"576\">T\u00e1cticas Queer<\/em>, <em data-start=\"578\" data-end=\"619\">Im\u00e1genes, po\u00e9ticas y ecolog\u00edas cr\u00edticas<\/em> y <em data-start=\"622\" data-end=\"636\">Visualidades<\/em>\u2014, adem\u00e1s de una conferencia de clausura de <strong data-start=\"680\" data-end=\"736\">Yasmine Ostendorf-Rodr\u00edguez (Green Art Lab Alliance)<\/strong> y una sesi\u00f3n extraordinaria el viernes 17.<\/p>\n<h4 data-start=\"819\" data-end=\"845\">Nuestras intervenciones<\/h4>\n<ul data-start=\"846\" data-end=\"1848\">\n<li data-start=\"846\" data-end=\"1546\">\n<p data-start=\"848\" data-end=\"1546\"><strong data-start=\"848\" data-end=\"893\">Nuria Rodr\u00edguez Ortega <\/strong>\u00a0present\u00f3 la conferencia <strong data-start=\"918\" data-end=\"1001\">\u201cOntog\u00e9nesis en espacios latentes multimodales: hacia una cultura pansemi\u00f3tica\u201d<\/strong> (sesi\u00f3n extraordinaria, 17 de octubre, Aula 308, modalidad en l\u00ednea). La ponencia abord\u00f3 de qu\u00e9 modo los <strong data-start=\"1100\" data-end=\"1121\">espacios latentes<\/strong> de los modelos generativos favorecen la emergencia de <strong data-start=\"1176\" data-end=\"1205\">nuevos objetos semi\u00f3ticos<\/strong>, expandiendo el campo de lo representable hacia una <strong data-start=\"1260\" data-end=\"1284\">cultura pansemi\u00f3tica<\/strong> donde im\u00e1genes, textos, sonidos y datos se co-constituyen. Se discutieron criterios curatoriales y ontol\u00f3gicos para describir estas entidades h\u00edbridas, as\u00ed como implicaciones para archivos, colecciones y pr\u00e1cticas cr\u00edticas.<\/p>\n<\/li>\n<li data-start=\"1548\" data-end=\"1848\">\n<p data-start=\"1550\" data-end=\"1848\"><strong data-start=\"1550\" data-end=\"1593\">\u00c1ngel Lumbreras Fern\u00e1ndez\u00a0<\/strong>present\u00f3 la comunicaci\u00f3n\u00a0<strong>\u201cVolvamos a hablar con los muertos: una propuesta de epistemolog\u00eda cr\u00edtica para las humanidades (digitales)\u201d<\/strong>, en la que abord\u00f3 la noci\u00f3n de nigromancia digital como marco te\u00f3rico para repensar la relaci\u00f3n entre memoria, t\u00e9cnica y conocimiento desde una perspectiva <em>queer<\/em>. La intervenci\u00f3n plante\u00f3 de qu\u00e9 modo las infraestructuras digitales operan como nuevos espacios de mediaci\u00f3n con lo ausente, proponiendo una reflexi\u00f3n cr\u00edtica sobre la cultura contempor\u00e1nea y las formas de saber en la era algor\u00edtmica.<\/p>\n<\/li>\n<\/ul>\n<p data-start=\"2468\" data-end=\"2702\">Nuestro agradecimiento a la Universitat de Barcelona y al equipo organizador de TIEMP(H)A por un espacio de di\u00e1logo plural y riguroso, y al conjunto de ponentes que alimentaron un debate verdaderamente transdisciplinar.<\/p>\n<section class=\"av_textblock_section av-lmhnnkwp-3500bc5a7b6e6a78d26a5b273711c380 \">\n<div class=\"avia_textblock\"><\/div>\n<\/section>\n<\/div><\/section>\n","protected":false},"excerpt":{"rendered":"","protected":false},"author":3,"featured_media":0,"comment_status":"closed","ping_status":"closed","sticky":false,"template":"","format":"standard","meta":{"footnotes":""},"categories":[125,10,11],"tags":[39,40,90,48,13,14,33,34,19],"class_list":["post-9582","post","type-post","status-publish","format-standard","hentry","category-conferencias","category-congresos-y-conferencias","category-noticias","tag-analisis-de-datos","tag-analisis-de-redes","tag-cursos-y-seminarios","tag-digital-art-history","tag-historia-del-arte-digital","tag-humanidades-digitales","tag-iarthis","tag-investigacion","tag-nuria-rodriguez-ortega"],"_links":{"self":[{"href":"https:\/\/humartech.uma.es\/iarthislab\/wp-json\/wp\/v2\/posts\/9582","targetHints":{"allow":["GET"]}}],"collection":[{"href":"https:\/\/humartech.uma.es\/iarthislab\/wp-json\/wp\/v2\/posts"}],"about":[{"href":"https:\/\/humartech.uma.es\/iarthislab\/wp-json\/wp\/v2\/types\/post"}],"author":[{"embeddable":true,"href":"https:\/\/humartech.uma.es\/iarthislab\/wp-json\/wp\/v2\/users\/3"}],"replies":[{"embeddable":true,"href":"https:\/\/humartech.uma.es\/iarthislab\/wp-json\/wp\/v2\/comments?post=9582"}],"version-history":[{"count":0,"href":"https:\/\/humartech.uma.es\/iarthislab\/wp-json\/wp\/v2\/posts\/9582\/revisions"}],"wp:attachment":[{"href":"https:\/\/humartech.uma.es\/iarthislab\/wp-json\/wp\/v2\/media?parent=9582"}],"wp:term":[{"taxonomy":"category","embeddable":true,"href":"https:\/\/humartech.uma.es\/iarthislab\/wp-json\/wp\/v2\/categories?post=9582"},{"taxonomy":"post_tag","embeddable":true,"href":"https:\/\/humartech.uma.es\/iarthislab\/wp-json\/wp\/v2\/tags?post=9582"}],"curies":[{"name":"wp","href":"https:\/\/api.w.org\/{rel}","templated":true}]}}