{"id":9540,"date":"2023-09-15T15:53:41","date_gmt":"2023-09-15T15:53:41","guid":{"rendered":"https:\/\/iarthis.iarthislab.eu\/?p=9540"},"modified":"2026-02-13T06:48:21","modified_gmt":"2026-02-13T06:48:21","slug":"i-edicion-seminario-de-indicadores-de-evaluacion-cultural-y-politicas-culturales-publicas-evaluar-la-cultura-en-la-era-del-big-data-y-la-inteligencia-artificial-entre-lo-cuantitativo-y-lo-cualitati","status":"publish","type":"post","link":"https:\/\/humartech.uma.es\/iarthislab\/i-edicion-seminario-de-indicadores-de-evaluacion-cultural-y-politicas-culturales-publicas-evaluar-la-cultura-en-la-era-del-big-data-y-la-inteligencia-artificial-entre-lo-cuantitativo-y-lo-cualitati\/","title":{"rendered":"I Edici\u00f3n. Seminario de indicadores de evaluaci\u00f3n cultural y pol\u00edticas culturales p\u00fablicas  Evaluar la cultura en la era del big data y la inteligencia artificial. Entre lo cuantitativo y lo cualitativo"},"content":{"rendered":"<div  class='hr av-43orys-3d08e4d4bf487e91048ba6b3466b5fc2 hr-default  avia-builder-el-0  el_before_av_textblock  avia-builder-el-first '><span class='hr-inner '><span class=\"hr-inner-style\"><\/span><\/span><\/div>\n<section  class='av_textblock_section av-lmkru0q4-7b1b364c6984f78fd7aa513b04d640d3 '   itemscope=\"itemscope\" itemtype=\"https:\/\/schema.org\/BlogPosting\" itemprop=\"blogPost\" ><div class='avia_textblock'  itemprop=\"text\" ><h4><strong>20 de septiembre de 2023<\/strong><\/h4>\n<section class=\"av_textblock_section av-lmhnnkwp-3500bc5a7b6e6a78d26a5b273711c380 \">\n<div class=\"avia_textblock\">\n<p><strong>Universidad de M\u00e1laga<\/strong><\/p>\n<p><strong>Organiza:\u00a0<\/strong>proyectos Andalex (PY20_00508 y UMA20-FEDERJA-126) y Complexhibit (PID2021-125037NB-I00), iArtHis_Lab, Departamento de Historia del Arte<\/p>\n<p><strong>Con la colaboraci\u00f3n de<\/strong>: C\u00e1tedra Telef\u00f3nica-UMA<\/p>\n<p><strong>Coordinaci\u00f3n cient\u00edfica: <\/strong>Nuria Rodr\u00edguez Ortega (UMA), Antonio Castro (UMA)<\/p>\n<p><strong>Secretar\u00eda<\/strong>: Leticia Crespillo Mar\u00ed<\/p>\n<\/div>\n<\/section>\n<\/div><\/section>\n<section  class='av_textblock_section av-lmoq4f4o-cdecb2a337c4fb3cfe94083e2724f359 '   itemscope=\"itemscope\" itemtype=\"https:\/\/schema.org\/BlogPosting\" itemprop=\"blogPost\" ><div class='avia_textblock'  itemprop=\"text\" ><section class=\"av_textblock_section av-lmhntdig-f2029ff11c8487a8b38d425e46d6061b \">\n<div class=\"avia_textblock av_inherit_color\">\n<p>La asistencia al seminario por la ma\u00f1ana es libre hasta completar aforo.<\/p>\n<p>La asistencia al taller de la tarde requiere inscripci\u00f3n previa. Plazas: 30.<\/p>\n<\/div>\n<\/section>\n<\/div><\/section>\n<div  class='avia-button-wrap av-lmkrvvmd-186a1cbcb93e5e168f3da98aba06c9ef-wrap avia-button-left  avia-builder-el-3  el_after_av_textblock  el_before_av_textblock '><a href='https:\/\/forms.gle\/ZwkMnwHq5vC8FRWM9'  class='avia-button av-lmkrvvmd-186a1cbcb93e5e168f3da98aba06c9ef av-link-btn avia-icon_select-yes-left-icon avia-size-small avia-position-left avia-color-green'  target=\"_blank\"  rel=\"noopener noreferrer\"  aria-label=\"Link inscripci\u00f3n Taller\"><span class='avia_button_icon avia_button_icon_left avia-iconfont avia-font-entypo-fontello' data-av_icon='\ue822' data-av_iconfont='entypo-fontello' ><\/span><span class='avia_iconbox_title' >Link inscripci\u00f3n Taller<\/span><\/a><\/div>\n<section  class='av_textblock_section av-lmoq6hzd-e29f92dad2308fe9832d17ee472b6a4a '   itemscope=\"itemscope\" itemtype=\"https:\/\/schema.org\/BlogPosting\" itemprop=\"blogPost\" ><div class='avia_textblock'  itemprop=\"text\" ><section class=\"av_textblock_section av-lmhntdig-f2029ff11c8487a8b38d425e46d6061b \">\n<div class=\"avia_textblock av_inherit_color\">\n<p>\u00bfDe qu\u00e9 herramientas de evaluaci\u00f3n disponemos para conocer el impacto efectivo que sobre la ciudadan\u00eda tienen las iniciativas culturales que se llevan a cabo? \u00bfCu\u00e1les son las que necesitamos y no tenemos? \u00bfC\u00f3mo medimos el valor cultural?\u00a0 Estas son algunas de las preguntas que se plantear\u00e1n en este seminario, primero de una serie dedicado a profundizar sobre los problemas, retos y oportunidades que representa la elaboraci\u00f3n de indicadores de evaluaci\u00f3n cultural que puedan ser \u00fatiles para el dise\u00f1o de pol\u00edticas culturales p\u00fablicas. En concreto, queremos reflexionar sobre qu\u00e9 dimensiones necesitan y merecen ser evaluadas y de qu\u00e9 modo las tecnolog\u00edas de IA y <em>big data<\/em> pueden ser un acicate para establecer estos nuevos modelos.<\/p>\n<p>Este seminario se inscribe en el marco de los proyectos Andalex y Complexhibit, financiados por la Junta de Andaluc\u00eda y el Ministerio de Ciencia e Innovaci\u00f3n, respectivamente, y coordinados por el grupo de investigaci\u00f3n iArtHis_Lab de la Universidad de M\u00e1laga. En el marco de estos proyectos, se ha desarrollado un repositorio de datos sobre el ecosistema expositivo en Espa\u00f1a durante las \u00faltimas d\u00e9cadas. Este repositorio est\u00e1 abierto y disponible para su reutilizaci\u00f3n con el prop\u00f3sito de generar nuevo conocimiento y valor, incluyendo la creaci\u00f3n de indicadores innovadores para la evaluaci\u00f3n cultural.<\/p>\n<\/div>\n<\/section>\n<\/div><\/section>\n<div  class='hr av-915nys-cedca8ec5a5cf1864d9a4f5b1425af2b hr-default  avia-builder-el-5  el_after_av_textblock  el_before_av_one_full '><span class='hr-inner '><span class=\"hr-inner-style\"><\/span><\/span><\/div>\n<div  class='flex_column av-24tjtw-2ccac9d20a7df5b055faddd32af12d23 av_one_full  avia-builder-el-6  el_after_av_hr  el_before_av_hr  first flex_column_div  '     ><style type=\"text\/css\" data-created_by=\"avia_inline_auto\" id=\"style-css-av-lmoq79b7-6bd7e320a578e7520d58e1cb122b7950\">\n.avia-image-container.av-lmoq79b7-6bd7e320a578e7520d58e1cb122b7950 img.avia_image{\nbox-shadow:none;\n}\n.avia-image-container.av-lmoq79b7-6bd7e320a578e7520d58e1cb122b7950 .av-image-caption-overlay-center{\ncolor:#ffffff;\n}\n<\/style>\n<div  class='avia-image-container av-lmoq79b7-6bd7e320a578e7520d58e1cb122b7950 av-styling- avia-align-center  avia-builder-el-7  avia-builder-el-no-sibling '   itemprop=\"image\" itemscope=\"itemscope\" itemtype=\"https:\/\/schema.org\/ImageObject\" ><div class=\"avia-image-container-inner\"><div class=\"avia-image-overlay-wrap\"><img decoding=\"async\" fetchpriority=\"high\" class='wp-image-9557 avia-img-lazy-loading-not-9557 avia_image ' src=\"https:\/\/humartech.uma.es\/iarthislab\/wp-content\/uploads\/2023\/09\/banner_indicadores23-1030x432.jpg\" alt='' title='banner_indicadores23'  height=\"432\" width=\"1030\"  itemprop=\"thumbnailUrl\" srcset=\"https:\/\/humartech.uma.es\/iarthislab\/wp-content\/uploads\/2023\/09\/banner_indicadores23-1030x432.jpg 1030w, https:\/\/humartech.uma.es\/iarthislab\/wp-content\/uploads\/2023\/09\/banner_indicadores23-300x126.jpg 300w, https:\/\/humartech.uma.es\/iarthislab\/wp-content\/uploads\/2023\/09\/banner_indicadores23-768x322.jpg 768w, https:\/\/humartech.uma.es\/iarthislab\/wp-content\/uploads\/2023\/09\/banner_indicadores23-1536x645.jpg 1536w, https:\/\/humartech.uma.es\/iarthislab\/wp-content\/uploads\/2023\/09\/banner_indicadores23-1500x630.jpg 1500w, https:\/\/humartech.uma.es\/iarthislab\/wp-content\/uploads\/2023\/09\/banner_indicadores23-705x296.jpg 705w, https:\/\/humartech.uma.es\/iarthislab\/wp-content\/uploads\/2023\/09\/banner_indicadores23.jpg 1689w\" sizes=\"(max-width: 1030px) 100vw, 1030px\" \/><\/div><\/div><\/div><\/div>\n<div  class='hr av-av_hr-91d7ccd583a503147498e120fee2ff9b hr-default  avia-builder-el-8  el_after_av_one_full  el_before_av_textblock '><span class='hr-inner '><span class=\"hr-inner-style\"><\/span><\/span><\/div>\n<section  class='av_textblock_section av-lmkrpmjc-97de360a7fbe8007f588b49e5dddde64 '   itemscope=\"itemscope\" itemtype=\"https:\/\/schema.org\/BlogPosting\" itemprop=\"blogPost\" ><div class='avia_textblock'  itemprop=\"text\" ><div class=\"flex_column av-8q9a3m-919f9b52d7f682d2f66e25adb7eb835d av_one_full avia-builder-el-16 el_after_av_hr el_before_av_textblock first flex_column_div \">\n<div class=\"av-special-heading av-lmhnu9y5-2c08a424f46849c618ea34f5b345d121 av-special-heading-h3 avia-builder-el-17 avia-builder-el-no-sibling \">\n<h3 class=\"av-special-heading-tag\">Programa<\/h3>\n<div class=\"special-heading-border\">\n<div class=\"special-heading-inner-border\"><\/div>\n<\/div>\n<\/div>\n<\/div>\n<section class=\"av_textblock_section av-lmhnv423-df0c0156a9b10d9010c9eb34e4a146c7 \">\n<div class=\"avia_textblock\">\n<h4>Ma\u00f1ana (Sala de Actos de la Facultad de Ciencias de la Comunicaci\u00f3n y Turismo)<\/h4>\n<\/div>\n<\/section>\n<section class=\"av_textblock_section av-lmhnx8zd-06744b0c4e9b43fe5ba081ceb446eb22 \">\n<div class=\"avia_textblock\">\n<p><strong>10:15 Inauguraci\u00f3n<\/strong><\/p>\n<p><strong>10.30-11:00<\/strong>. <strong>Pau Rausell K\u00f6ster<\/strong> (Profesor titular del Departamento de Econom\u00eda Aplicada de la Universitat de Val\u00e8ncia. Director del \u00c1rea de Investigaci\u00f3n en Econom\u00eda de la Cultura y Turismo (<a href=\"http:\/\/econcult.eu\/\">Econcult<\/a>). <em>Contar cultura: los esfuerzos en la elaboraci\u00f3n de datos e indicadores para la monitorizaci\u00f3n de los procesos y los impactos de los sectores culturales y creativos. Experiencias desde la pr\u00e1ctica Econcult. <\/em><\/p>\n<p><strong>11:00-11:30<\/strong> <strong>Nuria Rodr\u00edguez Ortega y Antonio Castro<\/strong> (Catedr\u00e1tica de Historia del Arte y profesor titular de Ciencias de la Comunicaci\u00f3n \u2013 UMA). \u00a0<em>Propuesta de un modelo de sistema de indicadores para la evaluaci\u00f3n en el \u00e1mbito digital de exposiciones art\u00edsticas<\/em><\/p>\n<p><strong>11:30-12:00<\/strong>. <strong>Marta P\u00e9rez Ib\u00e1\u00f1ez<\/strong> (Doctora en Historia del Arte. Especialista en mercado del arte contempor\u00e1neo. Universidad Francisco de Vitoria). <em>Indicadores sobre p\u00fablicos en museos. Diferentes aproximaciones metodol\u00f3gicas<\/em><\/p>\n<p><strong>12:00-12:15<\/strong> Descanso<\/p>\n<p><strong>12:15-12:45<\/strong>.\u00a0<strong> Cristina P\u00e9rez Ord\u00f3\u00f1ez<\/strong>\u00a0(Profesora de Ciencias de la Comunicaci\u00f3n \u2013 UMA) <em>M\u00e1s all\u00e1 de los indicadores econ\u00f3micos: los otros valores de los festivales de m\u00fasica<\/em><\/p>\n<p><strong>13:00-14:00<\/strong>. <strong>Panel de discusi\u00f3n. \u00bfQu\u00e9 evaluar? \u00bfPara qu\u00e9? \u00bfPor qu\u00e9?<\/strong><\/p>\n<ul>\n<li><strong>Nani Soriano<\/strong>. Gestora cultural<\/li>\n<li><strong>Iv\u00e1n de la Torre<\/strong>. Comisario, cr\u00edtico de arte, profesor de Historia del Arte (US)<\/li>\n<li><strong> Salvador Haro<\/strong>. Artista, comisario, catedr\u00e1tico de Bellas Artes (UMA)<\/li>\n<li><strong>David Burbano<\/strong>. Artista, galerista<\/li>\n<li>Modera: Nuria Rodr\u00edguez Ortega<\/li>\n<\/ul>\n<\/div>\n<\/section>\n<\/div><\/section>\n<div  class='hr av-4gugfo-3054d3afcd0320a29b6cf837b3f65632 hr-default  avia-builder-el-10  el_after_av_textblock  el_before_av_textblock '><span class='hr-inner '><span class=\"hr-inner-style\"><\/span><\/span><\/div>\n<section  class='av_textblock_section av-lmkrxu5w-c524632d025b878cfbd86db90fdeadb3 '   itemscope=\"itemscope\" itemtype=\"https:\/\/schema.org\/BlogPosting\" itemprop=\"blogPost\" ><div class='avia_textblock'  itemprop=\"text\" ><section class=\"av_textblock_section av-lmhnxu1b-a8fa26954511006836317de9f041fd09 \">\n<div class=\"avia_textblock\">\n<h4>Tarde (Sala de Juntas Rodr\u00edguez de Berlanga. Facultad de Filosof\u00eda y Letras)<\/h4>\n<\/div>\n<\/section>\n<section class=\"av_textblock_section av-lmhnz9i3-e5edb71d50e959e0df29a132cf5bf6ae \">\n<div class=\"avia_textblock\">\n<p><strong>16:00-19:30. Taller: <\/strong><strong><em>Operacionalizaci\u00f3n y medida en el \u00e1mbito museogr\u00e1fico. Dise\u00f1o de indicadores<\/em><\/strong><\/p>\n<p>Imparte: <strong>Luis Navarro Ardoy<\/strong> (Doctor en Sociolog\u00eda. Universidad Pablo de Olavide)<\/p>\n<p><strong>Se expedir\u00e1 certificado de participaci\u00f3n a efectos curriculares.<\/strong><\/p>\n<\/div>\n<\/section>\n<\/div><\/section>\n<div  class='hr av-365uw4-d94d73846631fdd38d2c96e63c3f976c hr-default  avia-builder-el-12  el_after_av_textblock  avia-builder-el-last '><span class='hr-inner '><span class=\"hr-inner-style\"><\/span><\/span><\/div>\n","protected":false},"excerpt":{"rendered":"","protected":false},"author":6,"featured_media":9620,"comment_status":"closed","ping_status":"closed","sticky":false,"template":"","format":"standard","meta":{"footnotes":""},"categories":[180,89,11],"tags":[39,40,90,48,13,14,33,34,19],"class_list":["post-9540","post","type-post","status-publish","format-standard","has-post-thumbnail","hentry","category-courses-and-seminars","category-cursos-y-seminarios","category-noticias","tag-analisis-de-datos","tag-analisis-de-redes","tag-cursos-y-seminarios","tag-digital-art-history","tag-historia-del-arte-digital","tag-humanidades-digitales","tag-iarthis","tag-investigacion","tag-nuria-rodriguez-ortega"],"_links":{"self":[{"href":"https:\/\/humartech.uma.es\/iarthislab\/wp-json\/wp\/v2\/posts\/9540","targetHints":{"allow":["GET"]}}],"collection":[{"href":"https:\/\/humartech.uma.es\/iarthislab\/wp-json\/wp\/v2\/posts"}],"about":[{"href":"https:\/\/humartech.uma.es\/iarthislab\/wp-json\/wp\/v2\/types\/post"}],"author":[{"embeddable":true,"href":"https:\/\/humartech.uma.es\/iarthislab\/wp-json\/wp\/v2\/users\/6"}],"replies":[{"embeddable":true,"href":"https:\/\/humartech.uma.es\/iarthislab\/wp-json\/wp\/v2\/comments?post=9540"}],"version-history":[{"count":0,"href":"https:\/\/humartech.uma.es\/iarthislab\/wp-json\/wp\/v2\/posts\/9540\/revisions"}],"wp:featuredmedia":[{"embeddable":true,"href":"https:\/\/humartech.uma.es\/iarthislab\/wp-json\/wp\/v2\/media\/9620"}],"wp:attachment":[{"href":"https:\/\/humartech.uma.es\/iarthislab\/wp-json\/wp\/v2\/media?parent=9540"}],"wp:term":[{"taxonomy":"category","embeddable":true,"href":"https:\/\/humartech.uma.es\/iarthislab\/wp-json\/wp\/v2\/categories?post=9540"},{"taxonomy":"post_tag","embeddable":true,"href":"https:\/\/humartech.uma.es\/iarthislab\/wp-json\/wp\/v2\/tags?post=9540"}],"curies":[{"name":"wp","href":"https:\/\/api.w.org\/{rel}","templated":true}]}}