{"id":9533,"date":"2023-07-06T10:38:19","date_gmt":"2023-07-06T10:38:19","guid":{"rendered":"https:\/\/iarthis.iarthislab.eu\/?p=9533"},"modified":"2023-07-06T10:38:19","modified_gmt":"2023-07-06T10:38:19","slug":"la-investigadora-manuela-garcia-lirio-galardon-a-la-mejor-comunicacion-postdoctoral-con-el-trabajo-miradas-hacia-los-paisajes-academicos-en-andalucia-a-traves-del-patrimonio-natural-univers","status":"publish","type":"post","link":"https:\/\/humartech.uma.es\/iarthislab\/la-investigadora-manuela-garcia-lirio-galardon-a-la-mejor-comunicacion-postdoctoral-con-el-trabajo-miradas-hacia-los-paisajes-academicos-en-andalucia-a-traves-del-patrimonio-natural-univers\/","title":{"rendered":"La investigadora Manuela Garc\u00eda Lirio, galard\u00f3n a la mejor comunicaci\u00f3n postdoctoral, con el trabajo \u2018Miradas hacia los paisajes acad\u00e9micos en Andaluc\u00eda a trav\u00e9s del patrimonio natural universitario\u2019"},"content":{"rendered":"<div  class='hr av-av_hr-91d7ccd583a503147498e120fee2ff9b hr-default  avia-builder-el-0  el_before_av_heading  avia-builder-el-first '><span class='hr-inner '><span class=\"hr-inner-style\"><\/span><\/span><\/div>\n\n<style type=\"text\/css\" data-created_by=\"avia_inline_auto\" id=\"style-css-av-ljr0hvpe-577dae4e3ba91c581bc5d0c6c316f607\">\n#top .av-special-heading.av-ljr0hvpe-577dae4e3ba91c581bc5d0c6c316f607{\npadding-bottom:10px;\n}\nbody .av-special-heading.av-ljr0hvpe-577dae4e3ba91c581bc5d0c6c316f607 .av-special-heading-tag .heading-char{\nfont-size:25px;\n}\n.av-special-heading.av-ljr0hvpe-577dae4e3ba91c581bc5d0c6c316f607 .av-subheading{\nfont-size:15px;\n}\n<\/style>\n<div  class='av-special-heading av-ljr0hvpe-577dae4e3ba91c581bc5d0c6c316f607 av-special-heading-h2 blockquote modern-quote modern-centered  avia-builder-el-1  el_after_av_hr  el_before_av_hr '><h2 class='av-special-heading-tag '  itemprop=\"headline\"  >La investigadora Manuela Garc\u00eda Lirio, galard\u00f3n a la mejor comunicaci\u00f3n postdoctoral, con el trabajo \u2018Miradas hacia los paisajes acad\u00e9micos en Andaluc\u00eda a trav\u00e9s del patrimonio natural universitario\u2019<\/h2><div class=\"special-heading-border\"><div class=\"special-heading-inner-border\"><\/div><\/div><\/div>\n<div  class='hr av-av_hr-91d7ccd583a503147498e120fee2ff9b hr-default  avia-builder-el-2  el_after_av_heading  el_before_av_one_half '><span class='hr-inner '><span class=\"hr-inner-style\"><\/span><\/span><\/div>\n<div  class='flex_column av-av_one_half-692a56cb27b4036f41891925b87c1c70 av_one_half  avia-builder-el-3  el_after_av_hr  el_before_av_one_half  first flex_column_div  '     ><section  class='av_textblock_section av-ljr0j6uq-68a863e0e29d8829a30ae4f4f98133ef '   itemscope=\"itemscope\" itemtype=\"https:\/\/schema.org\/BlogPosting\" itemprop=\"blogPost\" ><div class='avia_textblock'  itemprop=\"text\" ><div class=\"contentbody news-contentbody\">\n<p>El XXIV Congreso del Comit\u00e9 Espa\u00f1ol de Historia del Arte \u2018Paisajes: Natura Potentior Ars: arte, naturaleza y ciencias para una disciplina del siglo XXI\u2019, celebrado en la Universidad Complutense de Madrid entre el 12 y el 17 de junio, ha premiado a la investigadora de la Universidad de M\u00e1laga, Manuela Garc\u00eda Lirio.<\/p>\n<p>El galard\u00f3n reconoce a la mejor comunicaci\u00f3n postdoctoral, por su trabajo \u2018Miradas hacia los paisajes acad\u00e9micos en Andaluc\u00eda a trav\u00e9s del patrimonio natural universitario\u2019. As\u00ed, Manuela Garc\u00eda particip\u00f3 como ponente en la Mesa 6 de este congreso, titulada \u2018Meta paisajes: El museo como ventana hacia los paisajes de creaci\u00f3n\u2019, presidida por Estrella de Diego y Mar\u00eda Gracia Salv\u00e1 Pic\u00f3.<\/p>\n<p>Manuela Garc\u00eda Lirio es doctora en Historia y Artes, contratada postdoctoral Margarita Salas en el Departamento de Historia del Arte de la Universidad de Granada; y actualmente est\u00e1 realizando una estancia postdoctoral en el Departamento de Historia del Arte de la Universidad de M\u00e1laga.<\/p>\n<\/div>\n<\/div><\/section><\/div><div  class='flex_column av-av_one_half-7bd3f5cd863a6256abcb544d7c276d96 av_one_half  avia-builder-el-5  el_after_av_one_half  el_before_av_hr  flex_column_div  '     ><style type=\"text\/css\" data-created_by=\"avia_inline_auto\" id=\"style-css-av-ljr0jo3v-5384ebe6b296b060db2a0526b7972a72\">\n.avia-image-container.av-ljr0jo3v-5384ebe6b296b060db2a0526b7972a72 img.avia_image{\nbox-shadow:none;\n}\n.avia-image-container.av-ljr0jo3v-5384ebe6b296b060db2a0526b7972a72 .av-image-caption-overlay-center{\ncolor:#ffffff;\n}\n<\/style>\n<div  class='avia-image-container av-ljr0jo3v-5384ebe6b296b060db2a0526b7972a72 av-styling- avia-align-center  avia-builder-el-6  avia-builder-el-no-sibling '   itemprop=\"image\" itemscope=\"itemscope\" itemtype=\"https:\/\/schema.org\/ImageObject\" ><div class=\"avia-image-container-inner\"><div class=\"avia-image-overlay-wrap\"><img decoding=\"async\" fetchpriority=\"high\" class='wp-image-9514 avia-img-lazy-loading-not-9514 avia_image ' src=\"https:\/\/humartech.uma.es\/iarthislab\/wp-content\/uploads\/2023\/06\/ceha23_1-1030x773.jpg\" alt='' title='ceha23_1'  height=\"773\" width=\"1030\"  itemprop=\"thumbnailUrl\" srcset=\"https:\/\/humartech.uma.es\/iarthislab\/wp-content\/uploads\/2023\/06\/ceha23_1-1030x773.jpg 1030w, https:\/\/humartech.uma.es\/iarthislab\/wp-content\/uploads\/2023\/06\/ceha23_1-300x225.jpg 300w, https:\/\/humartech.uma.es\/iarthislab\/wp-content\/uploads\/2023\/06\/ceha23_1-768x576.jpg 768w, https:\/\/humartech.uma.es\/iarthislab\/wp-content\/uploads\/2023\/06\/ceha23_1-1536x1152.jpg 1536w, https:\/\/humartech.uma.es\/iarthislab\/wp-content\/uploads\/2023\/06\/ceha23_1-1500x1125.jpg 1500w, https:\/\/humartech.uma.es\/iarthislab\/wp-content\/uploads\/2023\/06\/ceha23_1-705x529.jpg 705w, https:\/\/humartech.uma.es\/iarthislab\/wp-content\/uploads\/2023\/06\/ceha23_1.jpg 2048w\" sizes=\"(max-width: 1030px) 100vw, 1030px\" \/><\/div><\/div><\/div><\/div><div  class='hr av-av_hr-91d7ccd583a503147498e120fee2ff9b hr-default  avia-builder-el-7  el_after_av_one_half  el_before_av_image '><span class='hr-inner '><span class=\"hr-inner-style\"><\/span><\/span><\/div><\/p>\n\n<style type=\"text\/css\" data-created_by=\"avia_inline_auto\" id=\"style-css-av-ljr0kndh-37defddb6fa7413b537d4d26f29c22ac\">\n.avia-image-container.av-ljr0kndh-37defddb6fa7413b537d4d26f29c22ac img.avia_image{\nbox-shadow:none;\n}\n.avia-image-container.av-ljr0kndh-37defddb6fa7413b537d4d26f29c22ac .av-image-caption-overlay-center{\ncolor:#ffffff;\n}\n<\/style>\n<div  class='avia-image-container av-ljr0kndh-37defddb6fa7413b537d4d26f29c22ac av-styling- avia-align-center  avia-builder-el-8  el_after_av_hr  avia-builder-el-last '   itemprop=\"image\" itemscope=\"itemscope\" itemtype=\"https:\/\/schema.org\/ImageObject\" ><div class=\"avia-image-container-inner\"><div class=\"avia-image-overlay-wrap\"><img decoding=\"async\" fetchpriority=\"high\" class='wp-image-9516 avia-img-lazy-loading-not-9516 avia_image ' src=\"https:\/\/humartech.uma.es\/iarthislab\/wp-content\/uploads\/2023\/06\/cehacabecera_23.png\" alt='' title='cehacabecera_23'  height=\"400\" width=\"1025\"  itemprop=\"thumbnailUrl\" srcset=\"https:\/\/humartech.uma.es\/iarthislab\/wp-content\/uploads\/2023\/06\/cehacabecera_23.png 1025w, https:\/\/humartech.uma.es\/iarthislab\/wp-content\/uploads\/2023\/06\/cehacabecera_23-300x117.png 300w, https:\/\/humartech.uma.es\/iarthislab\/wp-content\/uploads\/2023\/06\/cehacabecera_23-768x300.png 768w, https:\/\/humartech.uma.es\/iarthislab\/wp-content\/uploads\/2023\/06\/cehacabecera_23-705x275.png 705w\" sizes=\"(max-width: 1025px) 100vw, 1025px\" \/><\/div><\/div><\/div>\n","protected":false},"excerpt":{"rendered":"","protected":false},"author":6,"featured_media":9515,"comment_status":"closed","ping_status":"closed","sticky":false,"template":"","format":"standard","meta":{"footnotes":""},"categories":[174,10,168,11,4],"tags":[253,258,191,259,257,256,189,8],"class_list":["post-9533","post","type-post","status-publish","format-standard","has-post-thumbnail","hentry","category-awards","category-congresos-y-conferencias","category-congresses-and-conferences","category-noticias","category-premios-2","tag-ceha","tag-ceha2023","tag-congreso","tag-investigacion-posdoctoral","tag-manuela-garcia-lirio","tag-universidad-complutense-de-madrid","tag-universidad-de-granada","tag-universidad-de-malaga"],"_links":{"self":[{"href":"https:\/\/humartech.uma.es\/iarthislab\/wp-json\/wp\/v2\/posts\/9533","targetHints":{"allow":["GET"]}}],"collection":[{"href":"https:\/\/humartech.uma.es\/iarthislab\/wp-json\/wp\/v2\/posts"}],"about":[{"href":"https:\/\/humartech.uma.es\/iarthislab\/wp-json\/wp\/v2\/types\/post"}],"author":[{"embeddable":true,"href":"https:\/\/humartech.uma.es\/iarthislab\/wp-json\/wp\/v2\/users\/6"}],"replies":[{"embeddable":true,"href":"https:\/\/humartech.uma.es\/iarthislab\/wp-json\/wp\/v2\/comments?post=9533"}],"version-history":[{"count":0,"href":"https:\/\/humartech.uma.es\/iarthislab\/wp-json\/wp\/v2\/posts\/9533\/revisions"}],"wp:featuredmedia":[{"embeddable":true,"href":"https:\/\/humartech.uma.es\/iarthislab\/wp-json\/wp\/v2\/media\/9515"}],"wp:attachment":[{"href":"https:\/\/humartech.uma.es\/iarthislab\/wp-json\/wp\/v2\/media?parent=9533"}],"wp:term":[{"taxonomy":"category","embeddable":true,"href":"https:\/\/humartech.uma.es\/iarthislab\/wp-json\/wp\/v2\/categories?post=9533"},{"taxonomy":"post_tag","embeddable":true,"href":"https:\/\/humartech.uma.es\/iarthislab\/wp-json\/wp\/v2\/tags?post=9533"}],"curies":[{"name":"wp","href":"https:\/\/api.w.org\/{rel}","templated":true}]}}