{"id":9511,"date":"2023-06-22T10:12:25","date_gmt":"2023-06-22T10:12:25","guid":{"rendered":"https:\/\/iarthis.iarthislab.eu\/?p=9511"},"modified":"2023-06-22T10:12:25","modified_gmt":"2023-06-22T10:12:25","slug":"xxiv-congreso-comite-espanol-de-historia-del-arte-paisajes-natura-potentior-ars-arte-naturaleza-y-ciencias-para-una-disciplina-del-siglo-xxi","status":"publish","type":"post","link":"https:\/\/humartech.uma.es\/iarthislab\/xxiv-congreso-comite-espanol-de-historia-del-arte-paisajes-natura-potentior-ars-arte-naturaleza-y-ciencias-para-una-disciplina-del-siglo-xxi\/","title":{"rendered":"XXIV CONGRESO COMIT\u00c9 ESPA\u00d1OL DE HISTORIA DEL ARTE: PAISAJES. Natura Potentior Ars: arte, naturaleza y ciencias para una disciplina del siglo XXI"},"content":{"rendered":"<div  class='hr av-av_hr-91d7ccd583a503147498e120fee2ff9b hr-default  avia-builder-el-0  el_before_av_heading  avia-builder-el-first '><span class='hr-inner '><span class=\"hr-inner-style\"><\/span><\/span><\/div>\n\n<style type=\"text\/css\" data-created_by=\"avia_inline_auto\" id=\"style-css-av-lj6z3xii-6e32092fc1070103d0b7f5577b46b885\">\n#top .av-special-heading.av-lj6z3xii-6e32092fc1070103d0b7f5577b46b885{\npadding-bottom:10px;\n}\nbody .av-special-heading.av-lj6z3xii-6e32092fc1070103d0b7f5577b46b885 .av-special-heading-tag .heading-char{\nfont-size:25px;\n}\n.av-special-heading.av-lj6z3xii-6e32092fc1070103d0b7f5577b46b885 .av-subheading{\nfont-size:15px;\n}\n<\/style>\n<div  class='av-special-heading av-lj6z3xii-6e32092fc1070103d0b7f5577b46b885 av-special-heading-h2 blockquote modern-quote modern-centered  avia-builder-el-1  el_after_av_hr  el_before_av_hr '><h2 class='av-special-heading-tag '  itemprop=\"headline\"  >XXIV CONGRESO COMIT\u00c9 ESPA\u00d1OL DE HISTORIA DEL ARTE: PAISAJES. Natura Potentior Ars: arte, naturaleza y ciencias para una disciplina del siglo XXI<\/h2><div class=\"special-heading-border\"><div class=\"special-heading-inner-border\"><\/div><\/div><\/div>\n<div  class='hr av-av_hr-91d7ccd583a503147498e120fee2ff9b hr-default  avia-builder-el-2  el_after_av_heading  el_before_av_textblock '><span class='hr-inner '><span class=\"hr-inner-style\"><\/span><\/span><\/div>\n<section  class='av_textblock_section av-lj6z8kwl-af0e675532bdb4e279192af328ef2880 '   itemscope=\"itemscope\" itemtype=\"https:\/\/schema.org\/BlogPosting\" itemprop=\"blogPost\" ><div class='avia_textblock'  itemprop=\"text\" ><p>La semana pasada tuvo lugar en Madrid el XXIV Comit\u00e9 Espa\u00f1ol de Historia del Arte: Paisajes. Natura Potentior Ars: arte, naturaleza y ciencias para una disciplina del siglo XXI. En dicho congreso participaron dos miembros del equipo de iArtHis_Lab con sus respectivas comunicaciones:<\/p>\n<ul>\n<li>Manuela Garc\u00eda Lirio con <i>Miradas hacia los paisajes acad\u00e9micos en Andaluc\u00eda a trav\u00e9s del patrimonio natural universitario.<br \/>\n<\/i><\/li>\n<li>Leticia Crespillo Mar\u00ed con <i>La Ciudad-Museo: Memoria conservativa del Monumento a los Larios (M\u00e1laga) y su paisaje urbano a trav\u00e9s de las nuevas tecnolog\u00edas<\/i>, representando, adem\u00e1s, a sus compa\u00f1eros Sonia R\u00edos Moyano y Javier Gonz\u00e1lez Torres.<\/li>\n<\/ul>\n<\/div><\/section>\n<div  class='hr av-av_hr-91d7ccd583a503147498e120fee2ff9b hr-default  avia-builder-el-4  el_after_av_textblock  el_before_av_gallery '><span class='hr-inner '><span class=\"hr-inner-style\"><\/span><\/span><\/div>\n\n<style type=\"text\/css\" data-created_by=\"avia_inline_auto\" id=\"style-css-av-lj6zdnjd-9387a5a3ee924c7f2bc7612f5cf05cad\">\n#top .avia-gallery.av-lj6zdnjd-9387a5a3ee924c7f2bc7612f5cf05cad .avia-gallery-thumb a{\nwidth:20%;\n}\n<\/style>\n<div  class='avia-gallery av-lj6zdnjd-9387a5a3ee924c7f2bc7612f5cf05cad avia_animate_when_visible  avia-builder-el-5  el_after_av_hr  el_before_av_textblock  avia_lazyload avia-gallery-animate avia-gallery-1'  itemprop=\"image\" itemscope=\"itemscope\" itemtype=\"https:\/\/schema.org\/ImageObject\" ><meta itemprop=\"contentURL\" content=\"https:\/\/humartech.uma.es\/iarthislab\/xxiv-congreso-comite-espanol-de-historia-del-arte-paisajes-natura-potentior-ars-arte-naturaleza-y-ciencias-para-una-disciplina-del-siglo-xxi\/\"><div class='avia-gallery-thumb'><a href=\"https:\/\/humartech.uma.es\/iarthislab\/wp-content\/uploads\/2023\/06\/ceha23_3.jpeg\" data-srcset=\"https:\/\/humartech.uma.es\/iarthislab\/wp-content\/uploads\/2023\/06\/ceha23_3.jpeg 768w, https:\/\/humartech.uma.es\/iarthislab\/wp-content\/uploads\/2023\/06\/ceha23_3-300x274.jpeg 300w, https:\/\/humartech.uma.es\/iarthislab\/wp-content\/uploads\/2023\/06\/ceha23_3-705x644.jpeg 705w\" data-sizes=\"(max-width: 768px) 100vw, 768px\" data-rel='gallery-1' data-prev-img='https:\/\/humartech.uma.es\/iarthislab\/wp-content\/uploads\/2023\/06\/ceha23_3-495x400.jpeg' class='first_thumb lightbox ' data-onclick='1' title='ceha23_3'  itemprop=\"thumbnailUrl\"  ><img decoding=\"async\" fetchpriority=\"high\" class=\"wp-image-9512 avia-img-lazy-loading-not-9512\"   src=\"https:\/\/humartech.uma.es\/iarthislab\/wp-content\/uploads\/2023\/06\/ceha23_3-495x400.jpeg\" width=\"495\" height=\"400\"  title='ceha23_3' alt='' \/><div class='big-prev-fake'><img decoding=\"async\" loading=\"lazy\" class=\"wp-image-9512 avia-img-lazy-loading-9512\"  width=\"495\" height=\"400\" src=\"https:\/\/humartech.uma.es\/iarthislab\/wp-content\/uploads\/2023\/06\/ceha23_3-495x400.jpeg\" title='ceha23_3' alt='' \/><\/div><\/a><a href=\"https:\/\/humartech.uma.es\/iarthislab\/wp-content\/uploads\/2023\/06\/ceha23_2-1030x773.jpg\" data-srcset=\"https:\/\/humartech.uma.es\/iarthislab\/wp-content\/uploads\/2023\/06\/ceha23_2-1030x773.jpg 1030w, https:\/\/humartech.uma.es\/iarthislab\/wp-content\/uploads\/2023\/06\/ceha23_2-300x225.jpg 300w, https:\/\/humartech.uma.es\/iarthislab\/wp-content\/uploads\/2023\/06\/ceha23_2-768x576.jpg 768w, https:\/\/humartech.uma.es\/iarthislab\/wp-content\/uploads\/2023\/06\/ceha23_2-1536x1152.jpg 1536w, https:\/\/humartech.uma.es\/iarthislab\/wp-content\/uploads\/2023\/06\/ceha23_2-1500x1125.jpg 1500w, https:\/\/humartech.uma.es\/iarthislab\/wp-content\/uploads\/2023\/06\/ceha23_2-705x529.jpg 705w, https:\/\/humartech.uma.es\/iarthislab\/wp-content\/uploads\/2023\/06\/ceha23_2.jpg 2048w\" data-sizes=\"(max-width: 1030px) 100vw, 1030px\" data-rel='gallery-1' data-prev-img='https:\/\/humartech.uma.es\/iarthislab\/wp-content\/uploads\/2023\/06\/ceha23_2-495x400.jpg' class='lightbox ' data-onclick='2' title='ceha23_2'  itemprop=\"thumbnailUrl\"  ><img decoding=\"async\" fetchpriority=\"high\" class=\"wp-image-9513 avia-img-lazy-loading-not-9513\"   src=\"https:\/\/humartech.uma.es\/iarthislab\/wp-content\/uploads\/2023\/06\/ceha23_2-495x400.jpg\" width=\"495\" height=\"400\"  title='ceha23_2' alt='' srcset=\"https:\/\/humartech.uma.es\/iarthislab\/wp-content\/uploads\/2023\/06\/ceha23_2-495x400.jpg 495w, https:\/\/humartech.uma.es\/iarthislab\/wp-content\/uploads\/2023\/06\/ceha23_2-845x684.jpg 845w\" sizes=\"(max-width: 495px) 100vw, 495px\" \/><div class='big-prev-fake'><img decoding=\"async\" loading=\"lazy\" class=\"wp-image-9513 avia-img-lazy-loading-9513\"  width=\"495\" height=\"400\" src=\"https:\/\/humartech.uma.es\/iarthislab\/wp-content\/uploads\/2023\/06\/ceha23_2-495x400.jpg\" title='ceha23_2' alt='' srcset=\"https:\/\/humartech.uma.es\/iarthislab\/wp-content\/uploads\/2023\/06\/ceha23_2-495x400.jpg 495w, https:\/\/humartech.uma.es\/iarthislab\/wp-content\/uploads\/2023\/06\/ceha23_2-845x684.jpg 845w\" sizes=\"auto, (max-width: 495px) 100vw, 495px\" \/><\/div><\/a><a href=\"https:\/\/humartech.uma.es\/iarthislab\/wp-content\/uploads\/2023\/06\/ceha23_1-1030x773.jpg\" data-srcset=\"https:\/\/humartech.uma.es\/iarthislab\/wp-content\/uploads\/2023\/06\/ceha23_1-1030x773.jpg 1030w, https:\/\/humartech.uma.es\/iarthislab\/wp-content\/uploads\/2023\/06\/ceha23_1-300x225.jpg 300w, https:\/\/humartech.uma.es\/iarthislab\/wp-content\/uploads\/2023\/06\/ceha23_1-768x576.jpg 768w, https:\/\/humartech.uma.es\/iarthislab\/wp-content\/uploads\/2023\/06\/ceha23_1-1536x1152.jpg 1536w, https:\/\/humartech.uma.es\/iarthislab\/wp-content\/uploads\/2023\/06\/ceha23_1-1500x1125.jpg 1500w, https:\/\/humartech.uma.es\/iarthislab\/wp-content\/uploads\/2023\/06\/ceha23_1-705x529.jpg 705w, https:\/\/humartech.uma.es\/iarthislab\/wp-content\/uploads\/2023\/06\/ceha23_1.jpg 2048w\" data-sizes=\"(max-width: 1030px) 100vw, 1030px\" data-rel='gallery-1' data-prev-img='https:\/\/humartech.uma.es\/iarthislab\/wp-content\/uploads\/2023\/06\/ceha23_1-495x400.jpg' class='lightbox ' data-onclick='3' title='ceha23_1'  itemprop=\"thumbnailUrl\"  ><img decoding=\"async\" fetchpriority=\"high\" class=\"wp-image-9514 avia-img-lazy-loading-not-9514\"   src=\"https:\/\/humartech.uma.es\/iarthislab\/wp-content\/uploads\/2023\/06\/ceha23_1-495x400.jpg\" width=\"495\" height=\"400\"  title='ceha23_1' alt='' srcset=\"https:\/\/humartech.uma.es\/iarthislab\/wp-content\/uploads\/2023\/06\/ceha23_1-495x400.jpg 495w, https:\/\/humartech.uma.es\/iarthislab\/wp-content\/uploads\/2023\/06\/ceha23_1-845x684.jpg 845w\" sizes=\"(max-width: 495px) 100vw, 495px\" \/><div class='big-prev-fake'><img decoding=\"async\" loading=\"lazy\" class=\"wp-image-9514 avia-img-lazy-loading-9514\"  width=\"495\" height=\"400\" src=\"https:\/\/humartech.uma.es\/iarthislab\/wp-content\/uploads\/2023\/06\/ceha23_1-495x400.jpg\" title='ceha23_1' alt='' srcset=\"https:\/\/humartech.uma.es\/iarthislab\/wp-content\/uploads\/2023\/06\/ceha23_1-495x400.jpg 495w, https:\/\/humartech.uma.es\/iarthislab\/wp-content\/uploads\/2023\/06\/ceha23_1-845x684.jpg 845w\" sizes=\"auto, (max-width: 495px) 100vw, 495px\" \/><\/div><\/a><a href=\"https:\/\/humartech.uma.es\/iarthislab\/wp-content\/uploads\/2023\/06\/ceha23-1030x776.jpg\" data-srcset=\"https:\/\/humartech.uma.es\/iarthislab\/wp-content\/uploads\/2023\/06\/ceha23-1030x776.jpg 1030w, https:\/\/humartech.uma.es\/iarthislab\/wp-content\/uploads\/2023\/06\/ceha23-300x226.jpg 300w, https:\/\/humartech.uma.es\/iarthislab\/wp-content\/uploads\/2023\/06\/ceha23-768x578.jpg 768w, https:\/\/humartech.uma.es\/iarthislab\/wp-content\/uploads\/2023\/06\/ceha23-1536x1157.jpg 1536w, https:\/\/humartech.uma.es\/iarthislab\/wp-content\/uploads\/2023\/06\/ceha23-1500x1129.jpg 1500w, https:\/\/humartech.uma.es\/iarthislab\/wp-content\/uploads\/2023\/06\/ceha23-705x531.jpg 705w, https:\/\/humartech.uma.es\/iarthislab\/wp-content\/uploads\/2023\/06\/ceha23.jpg 2048w\" data-sizes=\"(max-width: 1030px) 100vw, 1030px\" data-rel='gallery-1' data-prev-img='https:\/\/humartech.uma.es\/iarthislab\/wp-content\/uploads\/2023\/06\/ceha23-495x400.jpg' class='lightbox ' data-onclick='4' title='ceha23'  itemprop=\"thumbnailUrl\"  ><img decoding=\"async\" fetchpriority=\"high\" class=\"wp-image-9515 avia-img-lazy-loading-not-9515\"   src=\"https:\/\/humartech.uma.es\/iarthislab\/wp-content\/uploads\/2023\/06\/ceha23-495x400.jpg\" width=\"495\" height=\"400\"  title='ceha23' alt='' srcset=\"https:\/\/humartech.uma.es\/iarthislab\/wp-content\/uploads\/2023\/06\/ceha23-495x400.jpg 495w, https:\/\/humartech.uma.es\/iarthislab\/wp-content\/uploads\/2023\/06\/ceha23-845x684.jpg 845w\" sizes=\"(max-width: 495px) 100vw, 495px\" \/><div class='big-prev-fake'><img decoding=\"async\" loading=\"lazy\" class=\"wp-image-9515 avia-img-lazy-loading-9515\"  width=\"495\" height=\"400\" src=\"https:\/\/humartech.uma.es\/iarthislab\/wp-content\/uploads\/2023\/06\/ceha23-495x400.jpg\" title='ceha23' alt='' srcset=\"https:\/\/humartech.uma.es\/iarthislab\/wp-content\/uploads\/2023\/06\/ceha23-495x400.jpg 495w, https:\/\/humartech.uma.es\/iarthislab\/wp-content\/uploads\/2023\/06\/ceha23-845x684.jpg 845w\" sizes=\"auto, (max-width: 495px) 100vw, 495px\" \/><\/div><\/a><\/div><\/div>\n<section  class='av_textblock_section av-lj6zfrxg-c6b51b7b6498b2a6445a76f169449309 '   itemscope=\"itemscope\" itemtype=\"https:\/\/schema.org\/BlogPosting\" itemprop=\"blogPost\" ><div class='avia_textblock'  itemprop=\"text\" ><h2>XXIV Congreso CEHA: Paisajes. <em>Natura Potentior Ars:<\/em>\u00a0arte. Naturaleza. Ciencia. Pertinencia y actualidad del tema<\/h2>\n<p>En la dedicatoria dirigida al emperador Tito en su\u00a0<em>Historia Natural<\/em>, Cayo Plinio Secundo, Plinio el Viejo (\u2020 24 de agosto de 79), indic\u00f3 que la obra trataba \u201csobre la naturaleza, es decir, sobre la vida\u201d (<em>rerum natura, hoc est vita<\/em>.\u00a0<em>Naturalis Historia<\/em>, praef.). Con su sentencia, el militar romano se hac\u00eda eco de uno de los principios m\u00e1s antiguos del pensamiento occidental, la relaci\u00f3n eterna, preexistente, entre\u00a0<strong>naturaleza<\/strong>\u00a0y vida, v\u00ednculo al que muy pronto se habr\u00eda sumado un tercer elemento, el\u00a0<strong>arte<\/strong>, cuya relaci\u00f3n con los anteriores dio lugar a uno de los conceptos m\u00e1s importantes de la est\u00e9tica cl\u00e1sica, el de\u00a0<em>m\u00edmesis<\/em>, o la manera seg\u00fan la cual el arte puede intervenir en la naturaleza. Idealiz\u00e1ndola y reproduci\u00e9ndola para intentar mejorarla seg\u00fan S\u00f3crates (<em>Apolog\u00eda de S\u00f3crates<\/em>\u00a0de Jenofonte); complet\u00e1ndola en unos casos o sencillamente imit\u00e1ndola en otros para Arist\u00f3teles (<em>F\u00edsica<\/em>); pero siempre en continuo di\u00e1logo con el avance de la\u00a0<strong>ciencia<\/strong>. Los estudios de \u00f3ptica y los tratados sobre los colores de Dem\u00f3crito impulsaron a la pintura y al dise\u00f1o perspect\u00edvico de algunas construcciones, de manera similar a c\u00f3mo el conocimiento de la din\u00e1mica de los distintos metales y de sus procesos de fundici\u00f3n fue fundamental para el progreso de la escultura en los mismos albores del clasicismo griego. No es casual, como record\u00f3 el Prof. Mancini en la presentaci\u00f3n de la candidatura ante los miembros del CEHA, \u201cque la\u00a0<em>Historia Natural<\/em>\u00a0es un texto de ciencias en el que Plinio incrust\u00f3 su reflexi\u00f3n sobre el arte en un cap\u00edtulo, el de la metalurgia, sancionando as\u00ed el v\u00ednculo entre arte, naturaleza, ciencia y escritura\u201d.<\/p>\n<p>Relaci\u00f3n que se ha proyectado, sin soluci\u00f3n de continuidad, desde aquellos tiempos hasta el presente. La sucesi\u00f3n de distintos estilos art\u00edsticos, m\u00e1s all\u00e1 de la cuestionada validez de las etiquetas, se ha dividido entre corrientes naturalistas frente a otras antinaturalistas, en un balance tanto conceptual como est\u00e9tico, que se ha impuesto en los procesos de creaci\u00f3n a otros como los binomios realismo-idealismo, clasicismo-vanguardia o figuraci\u00f3n-abstracci\u00f3n. Y as\u00ed, hasta hoy. Retomando de nuevo las palabras defendidas en la presentaci\u00f3n de la candidatura, \u201cno podemos considerar casual la manera con la que en la actualidad el arte y la naturaleza se van relacionando en los procesos de reflexi\u00f3n y creaci\u00f3n art\u00edstica contempor\u00e1nea en la que la funci\u00f3n, el uso, el equilibrio ecol\u00f3gico trascienden el mismo concepto de obra de arte para convertirse en elementos de imbricaci\u00f3n estructural entre el aspecto art\u00edstico, cualquiera que este sea, y su raz\u00f3n de ser, su forma de aparecer en el equilibrio del mundo\u201d.<\/p>\n<p>En este sentido, la tem\u00e1tica del congreso est\u00e1 en rigurosa sinton\u00eda con las corrientes actuales tanto de la praxis, como de la cr\u00edtica art\u00edstica, sin perder por ello su dimensi\u00f3n hist\u00f3rica. Toma los conceptos de naturaleza\/paisaje y arte\/artes, en sentido amplio, polis\u00e9mico. Forma parte de los intereses investigadores del Departamento de Historia del Arte de la UCM, cuya revista cient\u00edfica,\u00a0<a href=\"https:\/\/revistas.ucm.es\/index.php\/ANHA\"><em>Anales de Historia del Arte<\/em><\/a>, ha dedicado su \u00faltimo n\u00famero a las\u00a0<a href=\"https:\/\/revistas.ucm.es\/index.php\/ANHA\/issue\/view\/3867\"><em>Bot\u00e1nicas del arte<\/em>\u00a0(vol. 31, 2021)<\/a>. Su an\u00e1lisis plurifocal atiende a la creciente demanda de la sociedad por la protecci\u00f3n y conservaci\u00f3n de los espacios naturales, sin que ello implique renunciar a su manipulaci\u00f3n pl\u00e1stica, como demuestra el \u00e9xito obtenido por propuestas como la reciente\u00a0<em>Naturaleza Encendida<\/em>\u00a0en el Real Jard\u00edn Bot\u00e1nico. Incluso, extiende su conexi\u00f3n a la propia ciudad de Madrid que acoger\u00e1 el encuentro, al recordar que el Eje Prado-Recoletos, en el que se ubican alguno de los museos e instituciones culturales en los que se desarrollar\u00e1n parte de sus actividades, junto al Parque del Retiro, acaban de ser declarados Patrimonio de la Humanidad por el 44\u00ba Comit\u00e9 de Patrimonio Mundial de la UNESCO, en sesi\u00f3n celebrada el pasado 25 de julio. La primera candidatura de un espacio verde urbano europeo en conseguir esta distinci\u00f3n. Ciudad+naturaleza+artes,\u00a0<em>hoc est vita<\/em>, como sentenci\u00f3 Plinio hace ya veinte siglos.<\/p>\n<\/div><\/section>\n<div  class='hr av-av_hr-91d7ccd583a503147498e120fee2ff9b hr-default  avia-builder-el-7  el_after_av_textblock  avia-builder-el-last '><span class='hr-inner '><span class=\"hr-inner-style\"><\/span><\/span><\/div>\n","protected":false},"excerpt":{"rendered":"","protected":false},"author":6,"featured_media":9516,"comment_status":"closed","ping_status":"closed","sticky":false,"template":"","format":"standard","meta":{"footnotes":""},"categories":[10],"tags":[253,254,41,191,48,13,33,34,194,255,152,206,256,8],"class_list":["post-9511","post","type-post","status-publish","format-standard","has-post-thumbnail","hentry","category-congresos-y-conferencias","tag-ceha","tag-comite-espanol-de-historia-del-arte","tag-conferencias","tag-congreso","tag-digital-art-history","tag-historia-del-arte-digital","tag-iarthis","tag-investigacion","tag-leticia-crespillo","tag-maruela-garcia-lirio","tag-modelado3d","tag-realidad-virtual","tag-universidad-complutense-de-madrid","tag-universidad-de-malaga"],"_links":{"self":[{"href":"https:\/\/humartech.uma.es\/iarthislab\/wp-json\/wp\/v2\/posts\/9511","targetHints":{"allow":["GET"]}}],"collection":[{"href":"https:\/\/humartech.uma.es\/iarthislab\/wp-json\/wp\/v2\/posts"}],"about":[{"href":"https:\/\/humartech.uma.es\/iarthislab\/wp-json\/wp\/v2\/types\/post"}],"author":[{"embeddable":true,"href":"https:\/\/humartech.uma.es\/iarthislab\/wp-json\/wp\/v2\/users\/6"}],"replies":[{"embeddable":true,"href":"https:\/\/humartech.uma.es\/iarthislab\/wp-json\/wp\/v2\/comments?post=9511"}],"version-history":[{"count":0,"href":"https:\/\/humartech.uma.es\/iarthislab\/wp-json\/wp\/v2\/posts\/9511\/revisions"}],"wp:featuredmedia":[{"embeddable":true,"href":"https:\/\/humartech.uma.es\/iarthislab\/wp-json\/wp\/v2\/media\/9516"}],"wp:attachment":[{"href":"https:\/\/humartech.uma.es\/iarthislab\/wp-json\/wp\/v2\/media?parent=9511"}],"wp:term":[{"taxonomy":"category","embeddable":true,"href":"https:\/\/humartech.uma.es\/iarthislab\/wp-json\/wp\/v2\/categories?post=9511"},{"taxonomy":"post_tag","embeddable":true,"href":"https:\/\/humartech.uma.es\/iarthislab\/wp-json\/wp\/v2\/tags?post=9511"}],"curies":[{"name":"wp","href":"https:\/\/api.w.org\/{rel}","templated":true}]}}