{"id":9256,"date":"2022-10-06T15:38:37","date_gmt":"2022-10-06T15:38:37","guid":{"rendered":"https:\/\/iarthis.iarthislab.eu\/?p=9256"},"modified":"2023-04-05T09:36:42","modified_gmt":"2023-04-05T09:36:42","slug":"seminario-la-museologia-del-presente","status":"publish","type":"post","link":"https:\/\/humartech.uma.es\/iarthislab\/seminario-la-museologia-del-presente\/","title":{"rendered":"Seminario: La museolog\u00eda del presente"},"content":{"rendered":"\n<style type=\"text\/css\" data-created_by=\"avia_inline_auto\" id=\"style-css-av-bjcrq-0cc0012dcd3c3478f612db4a700ceaab\">\n.flex_column.av-bjcrq-0cc0012dcd3c3478f612db4a700ceaab{\nborder-radius:0px 0px 0px 0px;\npadding:0px 0px 0px 0px;\n}\n<\/style>\n<div  class='flex_column av-bjcrq-0cc0012dcd3c3478f612db4a700ceaab av_one_full  avia-builder-el-0  el_before_av_one_full  avia-builder-el-first  first flex_column_div av-zero-column-padding  '     ><section  class='av_textblock_section av-kcexzt38-f45318d0186b3d13ee2379623e8db40a '   itemscope=\"itemscope\" itemtype=\"https:\/\/schema.org\/BlogPosting\" itemprop=\"blogPost\" ><div class='avia_textblock'  itemprop=\"text\" ><h2 style=\"text-align: center;\">La museolog\u00eda del presente. Polifon\u00eda de los relatos\u00a0museol\u00f3gicos en la transcultura<\/h2>\n<\/div><\/section><\/div>\n\n<style type=\"text\/css\" data-created_by=\"avia_inline_auto\" id=\"style-css-av-4af68m-2df3c54f2981ba0a8c03ff5e43cec3f4\">\n.flex_column.av-4af68m-2df3c54f2981ba0a8c03ff5e43cec3f4{\nborder-radius:0px 0px 0px 0px;\npadding:0px 0px 0px 0px;\n}\n<\/style>\n<div  class='flex_column av-4af68m-2df3c54f2981ba0a8c03ff5e43cec3f4 av_one_full  avia-builder-el-2  el_after_av_one_full  el_before_av_hr  first flex_column_div av-zero-column-padding  column-top-margin'     ><section  class='av_textblock_section av-kcexrgi2-979f94deae2aa2061c4c94436fd251ae '   itemscope=\"itemscope\" itemtype=\"https:\/\/schema.org\/BlogPosting\" itemprop=\"blogPost\" ><div class='avia_textblock'  itemprop=\"text\" ><p>El grupo de investigaci\u00f3n iArtHis_Lab del Departamento de Historia del Arte de la UMA, el Proyecto de investigaci\u00f3n I+D+i <em>Atlas Museo. Coordenadas culturales en la museolog\u00eda del presente<\/em>\u00a0de\u00a0la Universidad Complutense de Madrid, y el Centro de Estudios del Museo\u00a0del Prado estrechan lazos de colaboraci\u00f3n en un seminario sobre La\u00a0Museolog\u00eda del Presente que ha tenido lugar en el Centre Pompidou\u00a0M\u00e1laga.<\/p>\n<div class=\"cuerpo\">\n<div class=\"WYS principal\"><\/div>\n<\/div>\n<\/div><\/section><\/div><div  class='hr av-bra9i-9347ae11613ac670d379f6741394e82c hr-default  avia-builder-el-4  el_after_av_one_full  el_before_av_one_full '><span class='hr-inner '><span class=\"hr-inner-style\"><\/span><\/span><\/div><\/p>\n\n<style type=\"text\/css\" data-created_by=\"avia_inline_auto\" id=\"style-css-av-2n2986-1503decd4d391646f8ec20f69ee8ebdd\">\n.flex_column.av-2n2986-1503decd4d391646f8ec20f69ee8ebdd{\nborder-radius:0px 0px 0px 0px;\npadding:0px 0px 0px 0px;\n}\n<\/style>\n<div  class='flex_column av-2n2986-1503decd4d391646f8ec20f69ee8ebdd av_one_full  avia-builder-el-5  el_after_av_hr  el_before_av_one_full  first flex_column_div av-zero-column-padding  '     ><style type=\"text\/css\" data-created_by=\"avia_inline_auto\" id=\"style-css-av-kcexsn0i-163840aabb96330a282b8c9603d1a5e9\">\n.avia-image-container.av-kcexsn0i-163840aabb96330a282b8c9603d1a5e9 img.avia_image{\nbox-shadow:none;\n}\n.avia-image-container.av-kcexsn0i-163840aabb96330a282b8c9603d1a5e9 .av-image-caption-overlay-center{\ncolor:#ffffff;\n}\n<\/style>\n<div  class='avia-image-container av-kcexsn0i-163840aabb96330a282b8c9603d1a5e9 av-styling- av-hover-grow avia-align-center  avia-builder-el-6  avia-builder-el-no-sibling '   itemprop=\"image\" itemscope=\"itemscope\" itemtype=\"https:\/\/schema.org\/ImageObject\" ><div class=\"avia-image-container-inner\"><div class=\"avia-image-overlay-wrap\"><img decoding=\"async\" fetchpriority=\"high\" class='wp-image-9257 avia-img-lazy-loading-not-9257 avia_image ' src=\"https:\/\/humartech.uma.es\/iarthislab\/wp-content\/uploads\/2022\/10\/PHOTO-2022-09-19-20-11-31-1.jpg\" alt='' title='PHOTO-2022-09-19-20-11-31 (1)'  height=\"1536\" width=\"2048\"  itemprop=\"thumbnailUrl\" srcset=\"https:\/\/humartech.uma.es\/iarthislab\/wp-content\/uploads\/2022\/10\/PHOTO-2022-09-19-20-11-31-1.jpg 2048w, https:\/\/humartech.uma.es\/iarthislab\/wp-content\/uploads\/2022\/10\/PHOTO-2022-09-19-20-11-31-1-300x225.jpg 300w, https:\/\/humartech.uma.es\/iarthislab\/wp-content\/uploads\/2022\/10\/PHOTO-2022-09-19-20-11-31-1-768x576.jpg 768w, https:\/\/humartech.uma.es\/iarthislab\/wp-content\/uploads\/2022\/10\/PHOTO-2022-09-19-20-11-31-1-1030x773.jpg 1030w, https:\/\/humartech.uma.es\/iarthislab\/wp-content\/uploads\/2022\/10\/PHOTO-2022-09-19-20-11-31-1-1536x1152.jpg 1536w, https:\/\/humartech.uma.es\/iarthislab\/wp-content\/uploads\/2022\/10\/PHOTO-2022-09-19-20-11-31-1-1500x1125.jpg 1500w, https:\/\/humartech.uma.es\/iarthislab\/wp-content\/uploads\/2022\/10\/PHOTO-2022-09-19-20-11-31-1-705x529.jpg 705w\" sizes=\"(max-width: 2048px) 100vw, 2048px\" \/><\/div><\/div><\/div><\/div>\n\n<style type=\"text\/css\" data-created_by=\"avia_inline_auto\" id=\"style-css-av-2qsv9k-cc1bb265645dec47f4b6902ddb08a7c7\">\n.flex_column.av-2qsv9k-cc1bb265645dec47f4b6902ddb08a7c7{\nborder-radius:0px 0px 0px 0px;\npadding:0px 0px 0px 0px;\n}\n<\/style>\n<div  class='flex_column av-2qsv9k-cc1bb265645dec47f4b6902ddb08a7c7 av_one_full  avia-builder-el-7  el_after_av_one_full  el_before_av_hr  first flex_column_div av-zero-column-padding  column-top-margin'     ><section  class='av_textblock_section av-l8yn3h08-f64e9b8095e0ed417e694b11435815a3 '   itemscope=\"itemscope\" itemtype=\"https:\/\/schema.org\/BlogPosting\" itemprop=\"blogPost\" ><div class='avia_textblock'  itemprop=\"text\" ><p>Bajo el t\u00edtulo\u00a0<em>La museolog\u00eda del presente. Polifon\u00eda de los relatos\u00a0museol\u00f3gicos en la transcultura<\/em>, este seminario, coordinado por Modesta Di Paola, profesora del Departamento de Historia del Arte, ha propiciado el encuentro de expertos del \u00e1mbito de la museolog\u00eda que han\u00a0reflexionado sobre las transformaciones que las pr\u00e1cticas museol\u00f3gicas y\u00a0la propia \u00a0conceptualizaci\u00f3n \u00a0del museo est\u00e1 experimentando en este\u00a0primer tercio del siglo XXI y sobre cu\u00e1les ser\u00e1n (o deber\u00edan ser) sus\u00a0desarrollos futuros.<\/p>\n<p>Las ponencias, centradas\u00a0en algunos conceptos\u00a0clave de la museolog\u00eda actual, han permitido trazar una\u00a0<em>Polifon\u00eda de los relatos trans-\u00a0<\/em>que abarca la relaci\u00f3n entre el museo y la universidad,<em>\u00a0<\/em>el entorno del bienestar, la conceptualizaci\u00f3n de\u00a0lo social, las transformaciones urbanas, la virtualidad, la acci\u00f3n performativa, la hipertecnificaci\u00f3n cultural, la sostenibilidad y la concienciaci\u00f3n multiespecie.<\/p>\n<p>El acto de inauguraci\u00f3n estuvo presidido por Jos\u00e9 M.\u00aa Luna, director de\u00a0la Agencia P\u00fablica para la Gesti\u00f3n de la Casa Natal Pablo Ruiz Picasso y\u00a0Otros Equipamientos Muse\u00edsticos, colaboradora del seminario, y cont\u00f3 con\u00a0la presencia de M.\u00aa Jes\u00fas Mart\u00ednez Silvente, vicerrectora adjunta de\u00a0Estudiantes y Deportes de la Universidad de M\u00e1laga. La conferencia\u00a0inaugural\u00a0corri\u00f3 a cargo de Javier Arnaldo, director del Centro de\u00a0Estudios del Museo del Prado e IP del proyecto <em>Atlas Museo<\/em>. La sesi\u00f3n fue clausurada con la\u00a0conferencia pronunciada por Nuria Rodr\u00edguez Ortega, directora del Departamento de Historia del Arte.<\/p>\n<p>Estas alianzas y seminarios de investigaci\u00f3n aspiran a consolidar el\u00a0papel del Departamento de Historia del Arte como un centro de referencia\u00a0 de los estudios museol\u00f3gicos, lo cual resulta clave en el escenario\u00a0cultural de la ciudad de M\u00e1laga.<\/p>\n<div class=\"cuerpo\">\n<div class=\"WYS principal\"><\/div>\n<\/div>\n<\/div><\/section><\/div>\n<div  class='hr av-2taoag-8c929af4a119ddcc67d22c290e01db55 hr-default  avia-builder-el-9  el_after_av_one_full  el_before_av_one_full '><span class='hr-inner '><span class=\"hr-inner-style\"><\/span><\/span><\/div>\n\n<style type=\"text\/css\" data-created_by=\"avia_inline_auto\" id=\"style-css-av-6wpsjz-74c70373f87853efbdb467823717ab9f\">\n.flex_column.av-6wpsjz-74c70373f87853efbdb467823717ab9f{\nborder-radius:0px 0px 0px 0px;\npadding:0px 0px 0px 0px;\n}\n<\/style>\n<div  class='flex_column av-6wpsjz-74c70373f87853efbdb467823717ab9f av_one_full  avia-builder-el-10  el_after_av_hr  avia-builder-el-last  first flex_column_div av-zero-column-padding  '     ><div  class='avia-button-wrap av-kcexucvs-9186a5cb8b2ba32a2b29eb0395ec1389-wrap avia-button-center  avia-builder-el-11  avia-builder-el-no-sibling '><a href='https:\/\/humartech.uma.es\/iarthislab\/wp-content\/uploads\/2022\/10\/folleto.pdf'  class='avia-button av-kcexucvs-9186a5cb8b2ba32a2b29eb0395ec1389 av-link-btn avia-icon_select-yes-left-icon avia-size-medium avia-position-center avia-color-theme-color'  target=\"_blank\"  rel=\"noopener noreferrer\"  aria-label=\"DESCARGA EL PROGRAMA EN PDF\"><span class='avia_button_icon avia_button_icon_left avia-iconfont avia-font-entypo-fontello' data-av_icon='\ue843' data-av_iconfont='entypo-fontello' ><\/span><span class='avia_iconbox_title' >DESCARGA EL PROGRAMA EN PDF<\/span><\/a><\/div><\/div>\n","protected":false},"excerpt":{"rendered":"","protected":false},"author":3,"featured_media":9257,"comment_status":"closed","ping_status":"closed","sticky":false,"template":"","format":"standard","meta":{"footnotes":""},"categories":[89,11],"tags":[],"class_list":["post-9256","post","type-post","status-publish","format-standard","has-post-thumbnail","hentry","category-cursos-y-seminarios","category-noticias"],"_links":{"self":[{"href":"https:\/\/humartech.uma.es\/iarthislab\/wp-json\/wp\/v2\/posts\/9256","targetHints":{"allow":["GET"]}}],"collection":[{"href":"https:\/\/humartech.uma.es\/iarthislab\/wp-json\/wp\/v2\/posts"}],"about":[{"href":"https:\/\/humartech.uma.es\/iarthislab\/wp-json\/wp\/v2\/types\/post"}],"author":[{"embeddable":true,"href":"https:\/\/humartech.uma.es\/iarthislab\/wp-json\/wp\/v2\/users\/3"}],"replies":[{"embeddable":true,"href":"https:\/\/humartech.uma.es\/iarthislab\/wp-json\/wp\/v2\/comments?post=9256"}],"version-history":[{"count":0,"href":"https:\/\/humartech.uma.es\/iarthislab\/wp-json\/wp\/v2\/posts\/9256\/revisions"}],"wp:featuredmedia":[{"embeddable":true,"href":"https:\/\/humartech.uma.es\/iarthislab\/wp-json\/wp\/v2\/media\/9257"}],"wp:attachment":[{"href":"https:\/\/humartech.uma.es\/iarthislab\/wp-json\/wp\/v2\/media?parent=9256"}],"wp:term":[{"taxonomy":"category","embeddable":true,"href":"https:\/\/humartech.uma.es\/iarthislab\/wp-json\/wp\/v2\/categories?post=9256"},{"taxonomy":"post_tag","embeddable":true,"href":"https:\/\/humartech.uma.es\/iarthislab\/wp-json\/wp\/v2\/tags?post=9256"}],"curies":[{"name":"wp","href":"https:\/\/api.w.org\/{rel}","templated":true}]}}