{"id":8386,"date":"2019-10-29T09:56:04","date_gmt":"2019-10-29T09:56:04","guid":{"rendered":"https:\/\/humartech.uma.es\/iarthislab\/?p=8386"},"modified":"2023-04-05T09:36:44","modified_gmt":"2023-04-05T09:36:44","slug":"iv-digital-art-history-summer-school","status":"publish","type":"post","link":"https:\/\/humartech.uma.es\/iarthislab\/iv-digital-art-history-summer-school\/","title":{"rendered":"IV Digital Art History Summer School"},"content":{"rendered":"<p>Entre los d\u00edas 29 de julio y 3 de agosto de 2019 tuvo lugar la cuarta edici\u00f3n del Digital Art History Summer School organizado por la <strong>Dra. Nuria Rodr\u00edguez ortega<\/strong> en representaci\u00f3n de la <strong>Universidad de M\u00e1laga y en colaboraci\u00f3n con la Universidad de Berkeley (California).<\/strong> En esta ocasi\u00f3n volvimos a contar con la presencia de nuestros habituales speakers <strong>Greg Niemeyer y Justin Underhill (UC Berkeley, California \u2013 EE.UU), Harald Kline (LMU Munich, Alemania)<\/strong>, as\u00ed como con una nueva incorporaci\u00f3n: <strong>Leonardo Impett de la Biblioteca Hertziana y experto en Humanidades Digitales (Max Planck Institute for Art History)<\/strong>. Junto a ellos, <strong>Nuria Rodr\u00edguez Ortega<\/strong> completa todo el equipo de instructores de esta escuela de verano que viene repiti\u00e9ndose con \u00e9xito en sus resultados durante los \u00faltimos cuatro a\u00f1os. El encuentro tuvo lugar en el <a href=\"https:\/\/www.polodigital.eu\/\"><strong>Polo de Contenidos Digitales<\/strong><\/a> y se dividi\u00f3 en cuatro ramas de conocimientos para trabajar en equipos colaborativos con la doble orientaci\u00f3n te\u00f3rica y cr\u00edtica que se combina con sesiones pr\u00e1cticas de laboratorio con el objetivo de presentar proyectos finales que impliquen el conocimiento adquirido durante las sesiones.<\/p>\n<div id=\"attachment_8389\" style=\"width: 310px\" class=\"wp-caption aligncenter\"><img loading=\"lazy\" decoding=\"async\" aria-describedby=\"caption-attachment-8389\" class=\"size-medium wp-image-8389\" src=\"https:\/\/humartech.uma.es\/iarthislab\/wp-content\/uploads\/2019\/10\/IMG_0985-300x225.jpg\" alt=\"\" width=\"300\" height=\"225\" srcset=\"https:\/\/humartech.uma.es\/iarthislab\/wp-content\/uploads\/2019\/10\/IMG_0985-300x225.jpg 300w, https:\/\/humartech.uma.es\/iarthislab\/wp-content\/uploads\/2019\/10\/IMG_0985.jpg 640w\" sizes=\"auto, (max-width: 300px) 100vw, 300px\" \/><p id=\"caption-attachment-8389\" class=\"wp-caption-text\">Presentaci\u00f3n de Greg Niemeyer (UC Berkeley)<\/p><\/div>\n<div id=\"attachment_8391\" style=\"width: 310px\" class=\"wp-caption aligncenter\"><img loading=\"lazy\" decoding=\"async\" aria-describedby=\"caption-attachment-8391\" class=\"wp-image-8391 size-medium\" src=\"https:\/\/humartech.uma.es\/iarthislab\/wp-content\/uploads\/2019\/10\/IMG_1003-300x225.jpg\" alt=\"\" width=\"300\" height=\"225\" srcset=\"https:\/\/humartech.uma.es\/iarthislab\/wp-content\/uploads\/2019\/10\/IMG_1003-300x225.jpg 300w, https:\/\/humartech.uma.es\/iarthislab\/wp-content\/uploads\/2019\/10\/IMG_1003.jpg 640w\" sizes=\"auto, (max-width: 300px) 100vw, 300px\" \/><p id=\"caption-attachment-8391\" class=\"wp-caption-text\">Presentaci\u00f3n de Harald Klinke (LMU Munich)<\/p><\/div>\n<div id=\"attachment_8393\" style=\"width: 310px\" class=\"wp-caption aligncenter\"><img loading=\"lazy\" decoding=\"async\" aria-describedby=\"caption-attachment-8393\" class=\"wp-image-8393 size-medium\" src=\"https:\/\/humartech.uma.es\/iarthislab\/wp-content\/uploads\/2019\/10\/IMG_1010-300x225.jpg\" alt=\"\" width=\"300\" height=\"225\" srcset=\"https:\/\/humartech.uma.es\/iarthislab\/wp-content\/uploads\/2019\/10\/IMG_1010-300x225.jpg 300w, https:\/\/humartech.uma.es\/iarthislab\/wp-content\/uploads\/2019\/10\/IMG_1010.jpg 640w\" sizes=\"auto, (max-width: 300px) 100vw, 300px\" \/><p id=\"caption-attachment-8393\" class=\"wp-caption-text\">Presentaci\u00f3n Justin Underhill (UC Berkeley)<\/p><\/div>\n<div id=\"attachment_8395\" style=\"width: 310px\" class=\"wp-caption aligncenter\"><img loading=\"lazy\" decoding=\"async\" aria-describedby=\"caption-attachment-8395\" class=\"wp-image-8395 size-medium\" src=\"https:\/\/humartech.uma.es\/iarthislab\/wp-content\/uploads\/2019\/10\/IMG_1014-300x225.jpg\" alt=\"\" width=\"300\" height=\"225\" srcset=\"https:\/\/humartech.uma.es\/iarthislab\/wp-content\/uploads\/2019\/10\/IMG_1014-300x225.jpg 300w, https:\/\/humartech.uma.es\/iarthislab\/wp-content\/uploads\/2019\/10\/IMG_1014.jpg 640w\" sizes=\"auto, (max-width: 300px) 100vw, 300px\" \/><p id=\"caption-attachment-8395\" class=\"wp-caption-text\">Presentaci\u00f3n Leonardo Impett, Digital Humanities Scientist at the Bibliotheca Hertziana (Max Planck Institute for Art History)<\/p><\/div>\n<div id=\"attachment_8397\" style=\"width: 310px\" class=\"wp-caption aligncenter\"><img loading=\"lazy\" decoding=\"async\" aria-describedby=\"caption-attachment-8397\" class=\"wp-image-8397 size-medium\" src=\"https:\/\/humartech.uma.es\/iarthislab\/wp-content\/uploads\/2019\/10\/IMG_1097-300x225.jpg\" alt=\"\" width=\"300\" height=\"225\" srcset=\"https:\/\/humartech.uma.es\/iarthislab\/wp-content\/uploads\/2019\/10\/IMG_1097-300x225.jpg 300w, https:\/\/humartech.uma.es\/iarthislab\/wp-content\/uploads\/2019\/10\/IMG_1097.jpg 640w\" sizes=\"auto, (max-width: 300px) 100vw, 300px\" \/><p id=\"caption-attachment-8397\" class=\"wp-caption-text\">Presentaci\u00f3n de Nuria Rodr\u00edguez Ortega (Universidad de M\u00e1laga)<\/p><\/div>\n<p>Es posible elegir entre una rama de conocimiento sobre <strong>datos y artes<\/strong> en la que se conoce el rol que los datos pueden jugar en el \u00e1mbito cultural, formando parte interactivamente de las experiencias con el arte de forma interactiva, <strong>an\u00e1lisis de datos<\/strong> con R para aprender a analizar y visualizar datos y aprender los fundamentos de la pr\u00e1ctica con el fin de publicar investigaciones y difundirlas a un p\u00fablico relacionado con los museos y sus colecciones. Una rama de <strong>modelado 3D<\/strong> que explora diferentes formas de presentar el espacio virtual desde la RV y la RA mediante dise\u00f1o de visualizaciones y reconstrucciones hist\u00f3ricas y una rama de <strong>Visi\u00f3n Computacional<\/strong> que investiga la aplicaci\u00f3n de la Humanidades digitales a la historia a trav\u00e9s del an\u00e1lisis de imagen, en relaci\u00f3n a los estudios visuales. El uso de algoritmos es clave en cuanto a la organizaci\u00f3n de los sets de im\u00e1genes y de su procesado para <strong>crear herramientas de conocimiento \u00fatiles en el \u00e1mbito de la Historia del Arte.<\/strong><\/p>\n<div id=\"attachment_8399\" style=\"width: 310px\" class=\"wp-caption aligncenter\"><img loading=\"lazy\" decoding=\"async\" aria-describedby=\"caption-attachment-8399\" class=\"size-medium wp-image-8399\" src=\"https:\/\/humartech.uma.es\/iarthislab\/wp-content\/uploads\/2019\/10\/IMG_1073-300x225.jpg\" alt=\"\" width=\"300\" height=\"225\" srcset=\"https:\/\/humartech.uma.es\/iarthislab\/wp-content\/uploads\/2019\/10\/IMG_1073-300x225.jpg 300w, https:\/\/humartech.uma.es\/iarthislab\/wp-content\/uploads\/2019\/10\/IMG_1073.jpg 640w\" sizes=\"auto, (max-width: 300px) 100vw, 300px\" \/><p id=\"caption-attachment-8399\" class=\"wp-caption-text\">Equipo de Justin Underhill haciendo pruebas de VideoMapping para el proyecto colaborativo en equipo de la secci\u00f3n de Modelado 3D y espacio virtual (t\u00e9cnicas)<\/p><\/div>\n<p>El <strong>car\u00e1cter internacional<\/strong> que impregna esta escuela de verano, no s\u00f3lo viene de la mano de sus speakers-profesores, sino tambi\u00e9n de sus asistentes con una variedad de pa\u00edses de origen: <strong>Viena, Berl\u00edn, Praga, Teher\u00e1n o Croacia, adem\u00e1s de diversas comunidades aut\u00f3nomas de Espa\u00f1a.<\/strong> En esta ocasi\u00f3n, los proyectos finales han contado con variantes en cuanto a ediciones anteriores. En el caso del grupo de <strong>Greg Niemeyer<\/strong> se opt\u00f3 por mostrar el sonido de los datos aportados por las investigaciones de sus alumnos participantes del equipo. Por otra parte, en grupo de <strong>Justin Underhill<\/strong> confeccionaron un show de Videomapping con m\u00fasica compuesta por los propios alumnos y proyectado sobre unas estructuras realizadas tambi\u00e9n por ellos mismos. El grupo de <strong>Leonardo Impett<\/strong> mostr\u00f3 una gran variedad de posibilidades de visualizaci\u00f3n de datos desde una perspectiva muy visual. El equipo de <strong>Harald Klinke<\/strong> dise\u00f1\u00f3 un bot (programa inform\u00e1tico que realiza tareas autom\u00e1ticamente) en la red social Twitter capaz de publicar diariamente una obra de la colecci\u00f3n del <a href=\"https:\/\/www.carmenthyssenmalaga.org\/\"><strong>Museo Carmen Thyssen<\/strong><\/a> M\u00e1laga realizado a trav\u00e9s de la informaci\u00f3n del data-set de im\u00e1genes de la misma.<\/p>\n<div id=\"attachment_8407\" style=\"width: 310px\" class=\"wp-caption aligncenter\"><img loading=\"lazy\" decoding=\"async\" aria-describedby=\"caption-attachment-8407\" class=\"size-medium wp-image-8407\" src=\"https:\/\/humartech.uma.es\/iarthislab\/wp-content\/uploads\/2019\/10\/IMG_1353-300x225.jpg\" alt=\"\" width=\"300\" height=\"225\" srcset=\"https:\/\/humartech.uma.es\/iarthislab\/wp-content\/uploads\/2019\/10\/IMG_1353-300x225.jpg 300w, https:\/\/humartech.uma.es\/iarthislab\/wp-content\/uploads\/2019\/10\/IMG_1353.jpg 640w\" sizes=\"auto, (max-width: 300px) 100vw, 300px\" \/><p id=\"caption-attachment-8407\" class=\"wp-caption-text\">Presentaci\u00f3n de proyectos finales (Equipo de Justin Underhill)<\/p><\/div>\n<div id=\"attachment_8409\" style=\"width: 310px\" class=\"wp-caption aligncenter\"><img loading=\"lazy\" decoding=\"async\" aria-describedby=\"caption-attachment-8409\" class=\"size-medium wp-image-8409\" src=\"https:\/\/humartech.uma.es\/iarthislab\/wp-content\/uploads\/2019\/10\/IMG_1363-300x225.jpg\" alt=\"\" width=\"300\" height=\"225\" srcset=\"https:\/\/humartech.uma.es\/iarthislab\/wp-content\/uploads\/2019\/10\/IMG_1363-300x225.jpg 300w, https:\/\/humartech.uma.es\/iarthislab\/wp-content\/uploads\/2019\/10\/IMG_1363.jpg 640w\" sizes=\"auto, (max-width: 300px) 100vw, 300px\" \/><p id=\"caption-attachment-8409\" class=\"wp-caption-text\">Presentaci\u00f3n de proyectos finales (Equipo de Harald Klinke)<\/p><\/div>\n<div id=\"attachment_8411\" style=\"width: 310px\" class=\"wp-caption aligncenter\"><img loading=\"lazy\" decoding=\"async\" aria-describedby=\"caption-attachment-8411\" class=\"size-medium wp-image-8411\" src=\"https:\/\/humartech.uma.es\/iarthislab\/wp-content\/uploads\/2019\/10\/IMG_1373-300x225.jpg\" alt=\"\" width=\"300\" height=\"225\" srcset=\"https:\/\/humartech.uma.es\/iarthislab\/wp-content\/uploads\/2019\/10\/IMG_1373-300x225.jpg 300w, https:\/\/humartech.uma.es\/iarthislab\/wp-content\/uploads\/2019\/10\/IMG_1373.jpg 640w\" sizes=\"auto, (max-width: 300px) 100vw, 300px\" \/><p id=\"caption-attachment-8411\" class=\"wp-caption-text\">Presentaci\u00f3n de proyectos finales (Equipo de Greg Niemeyer)<\/p><\/div>\n<div id=\"attachment_8413\" style=\"width: 310px\" class=\"wp-caption aligncenter\"><img loading=\"lazy\" decoding=\"async\" aria-describedby=\"caption-attachment-8413\" class=\"size-medium wp-image-8413\" src=\"https:\/\/humartech.uma.es\/iarthislab\/wp-content\/uploads\/2019\/10\/IMG_1383-300x225.jpg\" alt=\"\" width=\"300\" height=\"225\" srcset=\"https:\/\/humartech.uma.es\/iarthislab\/wp-content\/uploads\/2019\/10\/IMG_1383-300x225.jpg 300w, https:\/\/humartech.uma.es\/iarthislab\/wp-content\/uploads\/2019\/10\/IMG_1383.jpg 640w\" sizes=\"auto, (max-width: 300px) 100vw, 300px\" \/><p id=\"caption-attachment-8413\" class=\"wp-caption-text\">Presentaci\u00f3n de proyectos finales (Equipo de Leonardo Impett)<\/p><\/div>\n<p>Todo un lujo de edici\u00f3n que tambi\u00e9n dio la oportunidad a sus asistentes de explicar en una ronda rel\u00e1mpago de presentaciones (cada d\u00eda) sus investigaciones en curso al resto, as\u00ed como la posibilidad de debatir y dialogar en torno a las diversas posibilidades abiertas en el campo de la Historia del Arte Digital, porque la pregunta sigue necesitando de respuestas: <em><strong>\u00bfQu\u00e9 entendemos por Historia del Arte Digital?.<\/strong><\/em><\/p>\n<div id=\"attachment_8401\" style=\"width: 310px\" class=\"wp-caption aligncenter\"><img loading=\"lazy\" decoding=\"async\" aria-describedby=\"caption-attachment-8401\" class=\"size-medium wp-image-8401\" src=\"https:\/\/humartech.uma.es\/iarthislab\/wp-content\/uploads\/2019\/10\/IMG_1081-300x225.jpg\" alt=\"\" width=\"300\" height=\"225\" srcset=\"https:\/\/humartech.uma.es\/iarthislab\/wp-content\/uploads\/2019\/10\/IMG_1081-300x225.jpg 300w, https:\/\/humartech.uma.es\/iarthislab\/wp-content\/uploads\/2019\/10\/IMG_1081.jpg 640w\" sizes=\"auto, (max-width: 300px) 100vw, 300px\" \/><p id=\"caption-attachment-8401\" class=\"wp-caption-text\">Ronda de discusi\u00f3n (Wrap-Up) con todos los participantes<\/p><\/div>\n<div id=\"attachment_8405\" style=\"width: 310px\" class=\"wp-caption aligncenter\"><img loading=\"lazy\" decoding=\"async\" aria-describedby=\"caption-attachment-8405\" class=\"size-medium wp-image-8405\" src=\"https:\/\/humartech.uma.es\/iarthislab\/wp-content\/uploads\/2019\/10\/IMG_1083-300x225.jpg\" alt=\"\" width=\"300\" height=\"225\" srcset=\"https:\/\/humartech.uma.es\/iarthislab\/wp-content\/uploads\/2019\/10\/IMG_1083-300x225.jpg 300w, https:\/\/humartech.uma.es\/iarthislab\/wp-content\/uploads\/2019\/10\/IMG_1083.jpg 640w\" sizes=\"auto, (max-width: 300px) 100vw, 300px\" \/><p id=\"caption-attachment-8405\" class=\"wp-caption-text\">Ronda de discusi\u00f3n (Wrap-Up) con todos los participantes<\/p><\/div>\n<p>Para m\u00e1s informaci\u00f3n sobre la edici\u00f3n 2019 del DAHSS, se puede visitar la <a href=\"http:\/\/historiadelartemalaga.uma.es\/dahss19\/index\/\"><strong>web.<\/strong><\/a> En ella se pueden consultar los participantes de este a\u00f1o, as\u00ed como conocer datos sobre ediciones anteriores.<\/p>\n<p>A continuaci\u00f3n dejamos un video promoci\u00f3n de esta IV edici\u00f3n del Digital Art History Summer School<\/p>\n<div class='avia-iframe-wrap'><iframe loading=\"lazy\" title=\"TEASER PROMO IV DIGITAL ART HISTORY SUMMER SCHOOL (DAHSS19) M\u00c1LAGA-BERKELEY\" width=\"1500\" height=\"844\" src=\"https:\/\/www.youtube.com\/embed\/4F5JNqF81Is?feature=oembed\" frameborder=\"0\" allow=\"accelerometer; autoplay; encrypted-media; gyroscope; picture-in-picture\" allowfullscreen><\/iframe><\/div>\n<p>&nbsp;<\/p>\n<p>&nbsp;<\/p>\n","protected":false},"excerpt":{"rendered":"<p>Entre los d\u00edas 29 de julio y 3 de agosto de 2019 tuvo lugar la cuarta edici\u00f3n del Digital Art History Summer School organizado por la Dra. Nuria Rodr\u00edguez ortega en representaci\u00f3n de la Universidad de M\u00e1laga y en colaboraci\u00f3n con la Universidad de Berkeley (California). En esta ocasi\u00f3n volvimos a contar con la presencia [&hellip;]<\/p>\n","protected":false},"author":6,"featured_media":8415,"comment_status":"closed","ping_status":"closed","sticky":false,"template":"","format":"standard","meta":{"footnotes":""},"categories":[89,75,3,11,6,124],"tags":[39,40,63,48,13,14,15,34,61,91,8,16],"class_list":["post-8386","post","type-post","status-publish","format-standard","has-post-thumbnail","hentry","category-cursos-y-seminarios","category-encuentros-participativos","category-informacion-general","category-noticias","category-proyectos","category-talleres","tag-analisis-de-datos","tag-analisis-de-redes","tag-datos-abiertos","tag-digital-art-history","tag-historia-del-arte-digital","tag-humanidades-digitales","tag-internacional","tag-investigacion","tag-summer-school","tag-universidad-de-berkeley","tag-universidad-de-malaga","tag-workshop"],"_links":{"self":[{"href":"https:\/\/humartech.uma.es\/iarthislab\/wp-json\/wp\/v2\/posts\/8386","targetHints":{"allow":["GET"]}}],"collection":[{"href":"https:\/\/humartech.uma.es\/iarthislab\/wp-json\/wp\/v2\/posts"}],"about":[{"href":"https:\/\/humartech.uma.es\/iarthislab\/wp-json\/wp\/v2\/types\/post"}],"author":[{"embeddable":true,"href":"https:\/\/humartech.uma.es\/iarthislab\/wp-json\/wp\/v2\/users\/6"}],"replies":[{"embeddable":true,"href":"https:\/\/humartech.uma.es\/iarthislab\/wp-json\/wp\/v2\/comments?post=8386"}],"version-history":[{"count":0,"href":"https:\/\/humartech.uma.es\/iarthislab\/wp-json\/wp\/v2\/posts\/8386\/revisions"}],"wp:featuredmedia":[{"embeddable":true,"href":"https:\/\/humartech.uma.es\/iarthislab\/wp-json\/wp\/v2\/media\/8415"}],"wp:attachment":[{"href":"https:\/\/humartech.uma.es\/iarthislab\/wp-json\/wp\/v2\/media?parent=8386"}],"wp:term":[{"taxonomy":"category","embeddable":true,"href":"https:\/\/humartech.uma.es\/iarthislab\/wp-json\/wp\/v2\/categories?post=8386"},{"taxonomy":"post_tag","embeddable":true,"href":"https:\/\/humartech.uma.es\/iarthislab\/wp-json\/wp\/v2\/tags?post=8386"}],"curies":[{"name":"wp","href":"https:\/\/api.w.org\/{rel}","templated":true}]}}