{"id":6343,"date":"2016-04-07T14:52:26","date_gmt":"2016-04-07T13:52:26","guid":{"rendered":"https:\/\/humartech.uma.es\/iarthislab\/?p=6343"},"modified":"2023-04-05T09:36:46","modified_gmt":"2023-04-05T09:36:46","slug":"dia-internacional-humanidades-digitales","status":"publish","type":"post","link":"https:\/\/humartech.uma.es\/iarthislab\/dia-internacional-humanidades-digitales\/","title":{"rendered":"D\u00eda Internacional Humanidades Digitales  #DayofDH"},"content":{"rendered":"<p><span style=\"font-weight: 400;\">Hoy, 8 de abril de 2016, celebramos el D\u00eda internacional de las Humanidades Digitales (#DayofDH), un evento que est\u00e1 pensado para difundir, descubrir y, por supuesto, compartir el trabajo diario y cotidiano de los humanistas digitales, as\u00ed como proyectos que se est\u00e1n desarrollando y que mostrar\u00e1n sus conclusiones en unos meses, como ocurrir\u00e1 con nuestro <\/span><a href=\"http:\/\/exhibitium.com\/\"><span style=\"font-weight: 400;\">Proyecto Exhibitium<\/span><\/a><\/p>\n<p><span style=\"font-weight: 400;\">Desde nuestro grupo de investigaci\u00f3n <\/span><a href=\"https:\/\/humartech.uma.es\/iarthislab\/\"><span style=\"font-weight: 400;\">iArthis_lab (UMA) <\/span><\/a><span style=\"font-weight: 400;\">queremos aportar un granito de arena a este d\u00eda tan se\u00f1alado presentando al mundo otro de nuestros proyectos: <\/span><span style=\"font-weight: 400;\"><a href=\"http:\/\/iris.hdplus.es\/\">DICCIONARIO T\u00c9CNICO PARA LAS HUMANIDADES DIGITALES (IRIS)<\/a>.\u00a0<\/span><span style=\"font-weight: 400;\">Con este diccionario queremos contribuir a hacer la tarea de los humanistas digitales m\u00e1s f\u00e1cil, especialmente la de aquellos de reciente informaci\u00f3n al campo, proporcionando las claves para comprender un vocabulario t\u00e9cnico, con el que tenemos que convivir, pero que muchas veces nos resulta cr\u00edptico o abstruso.<\/span><\/p>\n<p>As\u00ed pues, el objetivo de IRIS es convertirse en una ayuda, una base y soporte para todos y cada uno de los proyectos, clarificando los t\u00e9rminos t\u00e9cnicos relacionados con la gesti\u00f3n, transmisi\u00f3n, almacenamiento, an\u00e1lisis y distribuci\u00f3n de datos y contenidos digitales.<\/p>\n<p><img loading=\"lazy\" decoding=\"async\" class=\"wp-image-6349 aligncenter\" src=\"https:\/\/humartech.uma.es\/iarthislab\/wp-content\/uploads\/2016\/04\/Captura-de-pantalla-2016-04-07-a-las-16.08.54-300x48.png\" alt=\"Captura de pantalla 2016-04-07 a las 16.08.54\" width=\"332\" height=\"53\" \/><\/p>\n<p><b>Estructura de IRIS<\/b><\/p>\n<p>Iris se organiza alfab\u00e9tica y tem\u00e1ticamente. El \u00edndice tem\u00e1tico comprende seis grandes categor\u00edas: conectividad, electr\u00f3nica, normalizaci\u00f3n, telecomunicaciones, localizaci\u00f3n y posicionamiento e inform\u00e1tica; categor\u00edas que seguiremos ampliando seg\u00fan vaya creciendo el diccionario.<\/p>\n<p><img loading=\"lazy\" decoding=\"async\" class=\" wp-image-6351 aligncenter\" src=\"https:\/\/humartech.uma.es\/iarthislab\/wp-content\/uploads\/2016\/04\/unnamed-1-e1460038630604-300x119.png\" alt=\"unnamed (1)\" width=\"363\" height=\"144\" \/><\/p>\n<p>Nuestro af\u00e1n es convertir paulatinamente lo que ha comenzado como un vocabulario -o, si se quiere, un diccionario did\u00e1ctico sobre terminolog\u00eda t\u00e9cnica activa en el campo de las Humanidades Digitales- en un punto de referencia de inter\u00e9s colectivo que sirva a investigadores, profesores y estudiantes, y que ayude a desentra\u00f1ar aquellos aspectos que puedan resultar m\u00e1s oscuros o menos evidentes, pero que juegan un papel decisivo a la hora de trabajar con metodolog\u00edas propias del siglo XXI.<\/p>\n<p><span style=\"font-weight: 400;\">Esperamos que as\u00ed sea.<\/span><\/p>\n<p><span style=\"font-weight: 400;\">Carmen Tenor y\u00a0<\/span><span style=\"font-weight: 400;\">B\u00e1rbara Romero. iArthis_Lab (UMA)<\/span><\/p>\n<p>&nbsp;<\/p>\n<p>&nbsp;<\/p>\n","protected":false},"excerpt":{"rendered":"<p>Hoy, 8 de abril de 2016, celebramos el D\u00eda internacional de las Humanidades Digitales (#DayofDH), evento que est\u00e1 pensado para difundir, descubrir y compartir el trabajo diario y cotidiano de los humanistas digitales.<\/p>\n","protected":false},"author":1,"featured_media":7608,"comment_status":"closed","ping_status":"closed","sticky":false,"template":"","format":"standard","meta":{"footnotes":""},"categories":[11,6],"tags":[],"class_list":["post-6343","post","type-post","status-publish","format-standard","has-post-thumbnail","hentry","category-noticias","category-proyectos"],"_links":{"self":[{"href":"https:\/\/humartech.uma.es\/iarthislab\/wp-json\/wp\/v2\/posts\/6343","targetHints":{"allow":["GET"]}}],"collection":[{"href":"https:\/\/humartech.uma.es\/iarthislab\/wp-json\/wp\/v2\/posts"}],"about":[{"href":"https:\/\/humartech.uma.es\/iarthislab\/wp-json\/wp\/v2\/types\/post"}],"author":[{"embeddable":true,"href":"https:\/\/humartech.uma.es\/iarthislab\/wp-json\/wp\/v2\/users\/1"}],"replies":[{"embeddable":true,"href":"https:\/\/humartech.uma.es\/iarthislab\/wp-json\/wp\/v2\/comments?post=6343"}],"version-history":[{"count":0,"href":"https:\/\/humartech.uma.es\/iarthislab\/wp-json\/wp\/v2\/posts\/6343\/revisions"}],"wp:featuredmedia":[{"embeddable":true,"href":"https:\/\/humartech.uma.es\/iarthislab\/wp-json\/wp\/v2\/media\/7608"}],"wp:attachment":[{"href":"https:\/\/humartech.uma.es\/iarthislab\/wp-json\/wp\/v2\/media?parent=6343"}],"wp:term":[{"taxonomy":"category","embeddable":true,"href":"https:\/\/humartech.uma.es\/iarthislab\/wp-json\/wp\/v2\/categories?post=6343"},{"taxonomy":"post_tag","embeddable":true,"href":"https:\/\/humartech.uma.es\/iarthislab\/wp-json\/wp\/v2\/tags?post=6343"}],"curies":[{"name":"wp","href":"https:\/\/api.w.org\/{rel}","templated":true}]}}